{"id":606,"date":"2014-02-01T12:30:06","date_gmt":"2014-02-01T11:30:06","guid":{"rendered":"http:\/\/www.criljmp.fr\/wordpress\/?p=606"},"modified":"2014-02-01T12:31:35","modified_gmt":"2014-02-01T11:31:35","slug":"rencontre-avec-francois-david-poete-auteur-et-editeur","status":"publish","type":"post","link":"https:\/\/www.criljmp.fr\/wordpress\/2014\/02\/01\/rencontre-avec-francois-david-poete-auteur-et-editeur\/","title":{"rendered":"RENCONTRE AVEC FRANCOIS DAVID, POETE, AUTEUR et EDITEUR"},"content":{"rendered":"<p style=\"font-family: Arial, Helvetica, sans-serif; font-size: 14px;\"><span style=\"color: #000080;\">N\u00e9 en 1950 \u00e0 Paris, Fran\u00e7ois DAVID vit actuellement dans le Cotentin. Cr\u00e9ateur de la revue litt\u00e9raire sur cassette \u00ab\u00a0Voix\u00a0\u00bb, il est aussi directeur litt\u00e9raire des \u00e9ditions Motus depuis 1988. Ecrivain en litt\u00e9rature de jeunesse, on lui doit aussi plusieurs recueils de po\u00e8mes et de nouvelles.<\/span><\/p>\n<p><span style=\"font-family: Arial, Helvetica, sans-serif; font-size: 16px; color: #000080;\">Fran\u00e7ois DAVID se distingue par une langue toute en retenue et po\u00e9tique, qui traduit des situations souvent graves et d\u00e9licates. Ses oeuvres m\u00e9ritent une place de choix dans toute biblioth\u00e8que de jeunesse, plusieurs d&rsquo;entre elles ont re\u00e7u des prix.<\/span><\/p>\n<p style=\"font-family: Arial, Helvetica, sans-serif; font-size: 14px;\"><span style=\"color: #000080;\">Fran\u00e7ois DAVID rencontrera plusieurs classes du Volvestre dans la semaine du 3 au 8 f\u00e9vrier 2014 pour des lectures et pr\u00e9sentations de ses po\u00e8mes et de ses textes.<\/span><\/p>\n<p style=\"font-family: Arial, Helvetica, sans-serif; font-size: 16px;\"><span style=\"color: #000080;\">Sa semaine dans la r\u00e9gion se terminera par une rencontre tout public le samedi 8 f\u00e9vrier 2014 \u00e0 14h 00 \u00e0 l&rsquo;ESPE (ex IUFM) de l&rsquo;Avenue de l&rsquo;URSS \u00e0 Toulouse, dans le cadre de l&rsquo;Assembl\u00e9e G\u00e9n\u00e9rale du CRILJ National. Cette rencontre sera suivie de d\u00e9dicaces.<\/span><\/p>\n<p style=\"font-family: Arial, Helvetica, sans-serif; font-size: 16px;\"><a href=\"http:\/\/www.criljmp.fr\/wordpress\/wp-content\/uploads\/2014\/02\/aff-A4-3.jpg\"><img loading=\"lazy\" decoding=\"async\" class=\"alignnone size-medium wp-image-590 aligncenter\" alt=\"aff A4 (3)\" src=\"http:\/\/www.criljmp.fr\/wordpress\/wp-content\/uploads\/2014\/02\/aff-A4-3-212x300.jpg\" width=\"212\" height=\"300\" srcset=\"https:\/\/www.criljmp.fr\/wordpress\/wp-content\/uploads\/2014\/02\/aff-A4-3-212x300.jpg 212w, https:\/\/www.criljmp.fr\/wordpress\/wp-content\/uploads\/2014\/02\/aff-A4-3-723x1024.jpg 723w, https:\/\/www.criljmp.fr\/wordpress\/wp-content\/uploads\/2014\/02\/aff-A4-3.jpg 1240w\" sizes=\"auto, (max-width: 212px) 100vw, 212px\" \/><\/a><\/p>\n<p style=\"font-family: Arial, Helvetica, sans-serif; font-size: 14px;\"><span style=\"color: #000080;\">Pour en savoir plus sur l&rsquo;univers de Fran\u00e7ois DAVID, avant de nous retrouver nombreux le 8, nous vous conseillons la lecture de la brochure<\/span> :\u00a0<a href=\"http:\/\/www.criljmp.fr\/wordpress\/wp-content\/uploads\/2014\/02\/brochure-David.pdf\">brochure David<\/a><\/p>\n","protected":false},"excerpt":{"rendered":"<p>N\u00e9 en 1950 \u00e0 Paris, Fran\u00e7ois DAVID vit actuellement dans le Cotentin. Cr\u00e9ateur de la revue litt\u00e9raire sur cassette \u00ab\u00a0Voix\u00a0\u00bb, il est aussi directeur litt\u00e9raire des \u00e9ditions Motus depuis 1988. Ecrivain en litt\u00e9rature de jeunesse, on lui doit aussi plusieurs &hellip; <a href=\"https:\/\/www.criljmp.fr\/wordpress\/2014\/02\/01\/rencontre-avec-francois-david-poete-auteur-et-editeur\/\">Continuer la lecture <span class=\"meta-nav\">&rarr;<\/span><\/a><\/p>\n","protected":false},"author":2,"featured_media":0,"comment_status":"closed","ping_status":"open","sticky":false,"template":"","format":"standard","meta":{"footnotes":""},"categories":[6],"tags":[117,115,101,116],"class_list":["post-606","post","type-post","status-publish","format-standard","hentry","category-rencontre-projets","tag-dedicaces","tag-francois-david","tag-poesie","tag-rencontre-2"],"_links":{"self":[{"href":"https:\/\/www.criljmp.fr\/wordpress\/wp-json\/wp\/v2\/posts\/606","targetHints":{"allow":["GET"]}}],"collection":[{"href":"https:\/\/www.criljmp.fr\/wordpress\/wp-json\/wp\/v2\/posts"}],"about":[{"href":"https:\/\/www.criljmp.fr\/wordpress\/wp-json\/wp\/v2\/types\/post"}],"author":[{"embeddable":true,"href":"https:\/\/www.criljmp.fr\/wordpress\/wp-json\/wp\/v2\/users\/2"}],"replies":[{"embeddable":true,"href":"https:\/\/www.criljmp.fr\/wordpress\/wp-json\/wp\/v2\/comments?post=606"}],"version-history":[{"count":3,"href":"https:\/\/www.criljmp.fr\/wordpress\/wp-json\/wp\/v2\/posts\/606\/revisions"}],"predecessor-version":[{"id":610,"href":"https:\/\/www.criljmp.fr\/wordpress\/wp-json\/wp\/v2\/posts\/606\/revisions\/610"}],"wp:attachment":[{"href":"https:\/\/www.criljmp.fr\/wordpress\/wp-json\/wp\/v2\/media?parent=606"}],"wp:term":[{"taxonomy":"category","embeddable":true,"href":"https:\/\/www.criljmp.fr\/wordpress\/wp-json\/wp\/v2\/categories?post=606"},{"taxonomy":"post_tag","embeddable":true,"href":"https:\/\/www.criljmp.fr\/wordpress\/wp-json\/wp\/v2\/tags?post=606"}],"curies":[{"name":"wp","href":"https:\/\/api.w.org\/{rel}","templated":true}]}}