{"id":472,"date":"2013-11-03T14:28:17","date_gmt":"2013-11-03T13:28:17","guid":{"rendered":"http:\/\/www.criljmp.fr\/wordpress\/?p=472"},"modified":"2013-11-03T14:28:17","modified_gmt":"2013-11-03T13:28:17","slug":"rencontre-avec-roberto-innocenti","status":"publish","type":"post","link":"https:\/\/www.criljmp.fr\/wordpress\/2013\/11\/03\/rencontre-avec-roberto-innocenti\/","title":{"rendered":"RENCONTRE AVEC ROBERTO INNOCENTI"},"content":{"rendered":"<p style=\"font-family: Arial, Helvetica, sans-serif; font-size: 14px;\"><span style=\"color: #000080;\">Fin septembre, avait lieu \u00e0 Moulins dans l&rsquo;Allier, le deuxi\u00e8me Festival des Illustrateurs Jeunesse.<\/span><span style=\"color: #000080;\">. Nous y \u00e9tions !!!\u00a0<\/span><span style=\"color: #000080;\">La Journ\u00e9e Professionnelle nous a permis de rencontrer de grands noms de la litt\u00e9rature de jeunesse. Parmi eux, Roberto Innocenti. Voici le compte-rendu de cette rencontre, assortie de la visite guid\u00e9e de l&rsquo;exposition qui lui est consacr\u00e9e au M.I.J., Mus\u00e9e de l&rsquo;Illustration Jeunesse, jusqu&rsquo;en janvier 2014.\u00a0<\/span><\/p>\n<p><a href=\"http:\/\/www.criljmp.fr\/wordpress\/wp-content\/uploads\/2013\/11\/cr-Roberto-Innocenti.pdf\">cr Roberto Innocenti<\/a><\/p>\n","protected":false},"excerpt":{"rendered":"<p>Fin septembre, avait lieu \u00e0 Moulins dans l&rsquo;Allier, le deuxi\u00e8me Festival des Illustrateurs Jeunesse.. Nous y \u00e9tions !!!\u00a0La Journ\u00e9e Professionnelle nous a permis de rencontrer de grands noms de la litt\u00e9rature de jeunesse. Parmi eux, Roberto Innocenti. Voici le compte-rendu &hellip; <a href=\"https:\/\/www.criljmp.fr\/wordpress\/2013\/11\/03\/rencontre-avec-roberto-innocenti\/\">Continuer la lecture <span class=\"meta-nav\">&rarr;<\/span><\/a><\/p>\n","protected":false},"author":2,"featured_media":0,"comment_status":"closed","ping_status":"open","sticky":false,"template":"","format":"standard","meta":{"footnotes":""},"categories":[6],"tags":[63,61,62],"class_list":["post-472","post","type-post","status-publish","format-standard","hentry","category-rencontre-projets","tag-festival-des-illustrateurs","tag-litterature-italienne","tag-roberto-innocenti"],"_links":{"self":[{"href":"https:\/\/www.criljmp.fr\/wordpress\/wp-json\/wp\/v2\/posts\/472","targetHints":{"allow":["GET"]}}],"collection":[{"href":"https:\/\/www.criljmp.fr\/wordpress\/wp-json\/wp\/v2\/posts"}],"about":[{"href":"https:\/\/www.criljmp.fr\/wordpress\/wp-json\/wp\/v2\/types\/post"}],"author":[{"embeddable":true,"href":"https:\/\/www.criljmp.fr\/wordpress\/wp-json\/wp\/v2\/users\/2"}],"replies":[{"embeddable":true,"href":"https:\/\/www.criljmp.fr\/wordpress\/wp-json\/wp\/v2\/comments?post=472"}],"version-history":[{"count":1,"href":"https:\/\/www.criljmp.fr\/wordpress\/wp-json\/wp\/v2\/posts\/472\/revisions"}],"predecessor-version":[{"id":474,"href":"https:\/\/www.criljmp.fr\/wordpress\/wp-json\/wp\/v2\/posts\/472\/revisions\/474"}],"wp:attachment":[{"href":"https:\/\/www.criljmp.fr\/wordpress\/wp-json\/wp\/v2\/media?parent=472"}],"wp:term":[{"taxonomy":"category","embeddable":true,"href":"https:\/\/www.criljmp.fr\/wordpress\/wp-json\/wp\/v2\/categories?post=472"},{"taxonomy":"post_tag","embeddable":true,"href":"https:\/\/www.criljmp.fr\/wordpress\/wp-json\/wp\/v2\/tags?post=472"}],"curies":[{"name":"wp","href":"https:\/\/api.w.org\/{rel}","templated":true}]}}