{"id":4089,"date":"2024-08-29T20:20:33","date_gmt":"2024-08-29T19:20:33","guid":{"rendered":"https:\/\/www.criljmp.fr\/wordpress\/?p=4089"},"modified":"2024-08-29T20:20:34","modified_gmt":"2024-08-29T19:20:34","slug":"prix-litteraire-et-citoyen-2024-college","status":"publish","type":"post","link":"https:\/\/www.criljmp.fr\/wordpress\/2024\/08\/29\/prix-litteraire-et-citoyen-2024-college\/","title":{"rendered":"PRIX LITTERAIRE ET CITOYEN 2024 &#8211; COLLEGE"},"content":{"rendered":"\n<p>Depuis plusieurs ann\u00e9es un partenariat unit le CRILJ31 et le coll\u00e8ge Louisa Paulin situ\u00e9 en Territoire Politique de la Ville de Muret. Plusieurs projets y ont \u00e9t\u00e9 men\u00e9s coordonn\u00e9 par la professeure-documentaliste du coll\u00e8ge : rencontres avec des auteurs ou illustrateurs, projet po\u00e9sie et, pour l&rsquo;ann\u00e9e 2023\/2024, investissement dans le Prix Litt\u00e9raire et Citoyen.<\/p>\n<p>4 classes de 3\u00e8 ont pris part au projet, accompagn\u00e9s par leurs enseignantes de lettres et d&rsquo;arts plastiques. Le CRILJ31 a suivi ce projet : pr\u00e9sentation des ouvrages pr\u00e9 s\u00e9lectionn\u00e9s aux enseignants, suivi du projet men\u00e9 en classe, participation aux proc\u00e9dures de vote &#8230;<\/p>\n<p>Contrairement aux CM o\u00f9 la s\u00e9lection ne comportait que des albums, les ouvrages en lice pour les 3\u00e8 \u00e9taient de genres vari\u00e9s. Voici la liste :<\/p>\n<ul>\n<li><strong>Riposte<\/strong>, L. REID, Editions Bayard (roman en vers libres)<\/li>\n<li><strong>Miettes, humour d\u00e9cal\u00e9<\/strong>, St\u00e9phane SERVANT, chez Nathan (roman stand-up)<\/li>\n<li><strong>Paloma<\/strong>, Sylvain LEVEY, Editions Th\u00e9\u00e2trales (pi\u00e8ce de th\u00e9\u00e2tre)<\/li>\n<li><strong>J&rsquo;ai 14 ans et ce n&rsquo;est pas une bonne nouvelle<\/strong>, J WITEK, chez Actes Sud (roman)<\/li>\n<li><strong>Arte, T.1, <\/strong>Kei Ohkubo, Editions Komikku (manga)<\/li>\n<li><strong>Heartstopper, T1<\/strong> Alice OSEMAN, chez Hachette (roman graphique)<\/li>\n<\/ul>\n<p>Les enseignantes ont fait remonter au moment du bilan que la s\u00e9lection \u00e9tait trop importante car ces livres et le projet s&rsquo;ajoutaient aux listes impos\u00e9s par les programmes : il faudra en tenir compte \u00e0 l&rsquo;avenir.<\/p>\n<p>La participation des \u00e9l\u00e8ves a \u00e9t\u00e9 h\u00e9t\u00e9rog\u00e8ne mais tous ont lu les ouvrages parfois de mani\u00e8re non int\u00e9grale. Les d\u00e9bats ont \u00e9t\u00e9 passionn\u00e9s et jusqu&rsquo;au jour du vote, les paris \u00e9taient ouverts quant au laur\u00e9at.<\/p>\n<p>Le roman retenu par la majorit\u00e9 a \u00e9t\u00e9 :<\/p>\n<p><img loading=\"lazy\" decoding=\"async\" class=\"aligncenter\" src=\"https:\/\/www.momox-shop.fr\/build\/_next\/image?url=https%3A%2F%2Fimages2.medimops.eu%2Fproduct%2Fa79885%2FM02330145217-source.jpg&amp;w=1080&amp;q=75\" alt=\"J'ai 14 ans et ce n'est pas une bonne nouvelle\" width=\"225\" height=\"358\" \/><\/p>\n<p>Une douzaine d&rsquo;\u00e9l\u00e8ves des classes concern\u00e9es sont all\u00e9s pr\u00e9senter leur projet dans une \u00e9mission d&rsquo;Axe Sud en toute fin d&rsquo;ann\u00e9e scolaire. Cette finalisation, d&rsquo;excellente teneur, a montr\u00e9 combien des ados pouvaient s&rsquo;av\u00e9rer d&rsquo;excellents critiques litt\u00e9raires. A renouveler donc!<\/p>\n<p>Ci-apr\u00e8s l&rsquo;enregistrement de l&rsquo;\u00e9mission :<\/p>\n<audio class=\"wp-audio-shortcode\" id=\"audio-4089-1\" preload=\"none\" style=\"width: 100%;\" controls=\"controls\"><source type=\"audio\/mpeg\" src=\"http:\/\/www.criljmp.fr\/wordpress\/wp-content\/uploads\/2024\/08\/Enregistrement-emission-AXE-SUD-Juin-2024.mp3?_=1\" \/><a href=\"http:\/\/www.criljmp.fr\/wordpress\/wp-content\/uploads\/2024\/08\/Enregistrement-emission-AXE-SUD-Juin-2024.mp3\">http:\/\/www.criljmp.fr\/wordpress\/wp-content\/uploads\/2024\/08\/Enregistrement-emission-AXE-SUD-Juin-2024.mp3<\/a><\/audio>\n","protected":false},"excerpt":{"rendered":"<p>Depuis plusieurs ann\u00e9es un partenariat unit le CRILJ31 et le coll\u00e8ge Louisa Paulin situ\u00e9 en Territoire Politique de la Ville de Muret. Plusieurs projets y ont \u00e9t\u00e9 men\u00e9s coordonn\u00e9 par la professeure-documentaliste du coll\u00e8ge : rencontres avec des auteurs ou &hellip; <a href=\"https:\/\/www.criljmp.fr\/wordpress\/2024\/08\/29\/prix-litteraire-et-citoyen-2024-college\/\">Continuer la lecture <span class=\"meta-nav\">&rarr;<\/span><\/a><\/p>\n","protected":false},"author":2,"featured_media":0,"comment_status":"closed","ping_status":"open","sticky":false,"template":"","format":"standard","meta":{"footnotes":""},"categories":[1],"tags":[558],"class_list":["post-4089","post","type-post","status-publish","format-standard","hentry","category-chut-on-lit-chut-on-lit","tag-prix-litteraire-et-citoyen-2024-niveau-3e"],"_links":{"self":[{"href":"https:\/\/www.criljmp.fr\/wordpress\/wp-json\/wp\/v2\/posts\/4089","targetHints":{"allow":["GET"]}}],"collection":[{"href":"https:\/\/www.criljmp.fr\/wordpress\/wp-json\/wp\/v2\/posts"}],"about":[{"href":"https:\/\/www.criljmp.fr\/wordpress\/wp-json\/wp\/v2\/types\/post"}],"author":[{"embeddable":true,"href":"https:\/\/www.criljmp.fr\/wordpress\/wp-json\/wp\/v2\/users\/2"}],"replies":[{"embeddable":true,"href":"https:\/\/www.criljmp.fr\/wordpress\/wp-json\/wp\/v2\/comments?post=4089"}],"version-history":[{"count":1,"href":"https:\/\/www.criljmp.fr\/wordpress\/wp-json\/wp\/v2\/posts\/4089\/revisions"}],"predecessor-version":[{"id":4091,"href":"https:\/\/www.criljmp.fr\/wordpress\/wp-json\/wp\/v2\/posts\/4089\/revisions\/4091"}],"wp:attachment":[{"href":"https:\/\/www.criljmp.fr\/wordpress\/wp-json\/wp\/v2\/media?parent=4089"}],"wp:term":[{"taxonomy":"category","embeddable":true,"href":"https:\/\/www.criljmp.fr\/wordpress\/wp-json\/wp\/v2\/categories?post=4089"},{"taxonomy":"post_tag","embeddable":true,"href":"https:\/\/www.criljmp.fr\/wordpress\/wp-json\/wp\/v2\/tags?post=4089"}],"curies":[{"name":"wp","href":"https:\/\/api.w.org\/{rel}","templated":true}]}}