{"id":2167,"date":"2018-02-18T14:02:21","date_gmt":"2018-02-18T13:02:21","guid":{"rendered":"http:\/\/www.criljmp.fr\/wordpress\/?p=2167"},"modified":"2018-02-18T14:28:40","modified_gmt":"2018-02-18T13:28:40","slug":"soirees-rencontre-avec-remi-courgeon","status":"publish","type":"post","link":"https:\/\/www.criljmp.fr\/wordpress\/2018\/02\/18\/soirees-rencontre-avec-remi-courgeon\/","title":{"rendered":"SOIREES RENCONTRE AVEC REMI COURGEON"},"content":{"rendered":"<h4><span style=\"color: #000080;\">Dans le cadre de notre projet de rencontres scolaires avec R\u00e9mi COURGEON, avaient \u00e9t\u00e9 programm\u00e9es deux soir\u00e9es de rencontres tout-public, la 1\u00e8re <strong>\u00e0 Fontenilles<\/strong> <strong>Mercredi 14 F\u00e9vrier 2018<\/strong> \u00e0 partir de 17h et la 2nde <strong>\u00e0 Muret le Jeudi 15 F\u00e9vrier 2018 \u00e0 18h 30.<\/strong><\/span><\/h4>\n<h4><span style=\"color: #000080;\"><a href=\"http:\/\/www.criljmp.fr\/wordpress\/wp-content\/uploads\/2018\/02\/rencontre-R-COURGEON-Fontenilles.jpg\"><img loading=\"lazy\" decoding=\"async\" class=\"size-medium wp-image-2169 alignleft\" src=\"http:\/\/www.criljmp.fr\/wordpress\/wp-content\/uploads\/2018\/02\/rencontre-R-COURGEON-Fontenilles-212x300.jpg\" alt=\"\" width=\"212\" height=\"300\" srcset=\"https:\/\/www.criljmp.fr\/wordpress\/wp-content\/uploads\/2018\/02\/rencontre-R-COURGEON-Fontenilles-212x300.jpg 212w, https:\/\/www.criljmp.fr\/wordpress\/wp-content\/uploads\/2018\/02\/rencontre-R-COURGEON-Fontenilles-768x1086.jpg 768w, https:\/\/www.criljmp.fr\/wordpress\/wp-content\/uploads\/2018\/02\/rencontre-R-COURGEON-Fontenilles-724x1024.jpg 724w\" sizes=\"auto, (max-width: 212px) 100vw, 212px\" \/><\/a>La <strong>M\u00e9diath\u00e8que de Fontenilles<\/strong> avait choisi de proposer une \u00ab\u00a0rencontre-ab\u00e9c\u00e9daire\u00a0\u00bb autour de l&rsquo;exposition \u00ab\u00a0Tohu Bohu\u00a0\u00bb et d&rsquo;originaux de l&rsquo;artiste.<br \/>\n<\/span><\/h4>\n<h4><span style=\"color: #000080;\">Cette rencontre a r\u00e9uni un public familial : les enfants ayant b\u00e9n\u00e9fici\u00e9 des rencontres scolaires ont entra\u00een\u00e9 leurs parents \u00e0 la d\u00e9couverte de cet auteur-illustrateur, dont ils avaient appr\u00e9ci\u00e9 les albums. Un public nombreux (plus de 50 personnes) qui n&rsquo;a pas h\u00e9sit\u00e9 \u00e0 attendre longtemps pour une d\u00e9dicace de leurs albums.<\/span><\/h4>\n<h2><span style=\"color: #0000ff;\">Petit reportage photo :<\/span><\/h2>\n<p>&nbsp;<\/p>\n<p><a href=\"http:\/\/www.criljmp.fr\/wordpress\/wp-content\/uploads\/2018\/02\/fontenilles1.jpg\"><img loading=\"lazy\" decoding=\"async\" class=\"alignnone wp-image-2170\" src=\"http:\/\/www.criljmp.fr\/wordpress\/wp-content\/uploads\/2018\/02\/fontenilles1-300x180.jpg\" alt=\"\" width=\"233\" height=\"140\" srcset=\"https:\/\/www.criljmp.fr\/wordpress\/wp-content\/uploads\/2018\/02\/fontenilles1-300x180.jpg 300w, https:\/\/www.criljmp.fr\/wordpress\/wp-content\/uploads\/2018\/02\/fontenilles1-768x461.jpg 768w, https:\/\/www.criljmp.fr\/wordpress\/wp-content\/uploads\/2018\/02\/fontenilles1-1024x614.jpg 1024w\" sizes=\"auto, (max-width: 233px) 100vw, 233px\" \/>\u00a0\u00a0<\/a><a href=\"http:\/\/www.criljmp.fr\/wordpress\/wp-content\/uploads\/2018\/02\/fontenilles3.jpg\"><img loading=\"lazy\" decoding=\"async\" class=\"alignnone wp-image-2171\" src=\"http:\/\/www.criljmp.fr\/wordpress\/wp-content\/uploads\/2018\/02\/fontenilles3-180x300.jpg\" alt=\"\" width=\"133\" height=\"222\" srcset=\"https:\/\/www.criljmp.fr\/wordpress\/wp-content\/uploads\/2018\/02\/fontenilles3-180x300.jpg 180w, https:\/\/www.criljmp.fr\/wordpress\/wp-content\/uploads\/2018\/02\/fontenilles3-768x1280.jpg 768w, https:\/\/www.criljmp.fr\/wordpress\/wp-content\/uploads\/2018\/02\/fontenilles3-614x1024.jpg 614w, https:\/\/www.criljmp.fr\/wordpress\/wp-content\/uploads\/2018\/02\/fontenilles3.jpg 1536w\" sizes=\"auto, (max-width: 133px) 100vw, 133px\" \/><\/a><a href=\"http:\/\/www.criljmp.fr\/wordpress\/wp-content\/uploads\/2018\/02\/fontenilles2.jpg\">\u00a0 <img loading=\"lazy\" decoding=\"async\" class=\"alignnone wp-image-2172\" src=\"http:\/\/www.criljmp.fr\/wordpress\/wp-content\/uploads\/2018\/02\/fontenilles2-300x180.jpg\" alt=\"\" width=\"232\" height=\"139\" srcset=\"https:\/\/www.criljmp.fr\/wordpress\/wp-content\/uploads\/2018\/02\/fontenilles2-300x180.jpg 300w, https:\/\/www.criljmp.fr\/wordpress\/wp-content\/uploads\/2018\/02\/fontenilles2-768x461.jpg 768w, https:\/\/www.criljmp.fr\/wordpress\/wp-content\/uploads\/2018\/02\/fontenilles2-1024x614.jpg 1024w\" sizes=\"auto, (max-width: 232px) 100vw, 232px\" \/><\/a><\/p>\n<h4><strong><span style=\"color: #000080;\">Organis\u00e9e par le CRILJ MP en partenariat avec la M\u00e9diath\u00e8que <\/span><\/strong><span style=\"color: #000080;\"><strong>de Muret<\/strong>, la 2nde rencontre prenait<a href=\"http:\/\/www.criljmp.fr\/wordpress\/wp-content\/uploads\/2018\/02\/aff-rencontre-RCourgeon-Muret.jpg\"><img loading=\"lazy\" decoding=\"async\" class=\"size-medium wp-image-2168 alignright\" src=\"http:\/\/www.criljmp.fr\/wordpress\/wp-content\/uploads\/2018\/02\/aff-rencontre-RCourgeon-Muret-205x300.jpg\" alt=\"\" width=\"205\" height=\"300\" srcset=\"https:\/\/www.criljmp.fr\/wordpress\/wp-content\/uploads\/2018\/02\/aff-rencontre-RCourgeon-Muret-205x300.jpg 205w, https:\/\/www.criljmp.fr\/wordpress\/wp-content\/uploads\/2018\/02\/aff-rencontre-RCourgeon-Muret-768x1126.jpg 768w, https:\/\/www.criljmp.fr\/wordpress\/wp-content\/uploads\/2018\/02\/aff-rencontre-RCourgeon-Muret-698x1024.jpg 698w\" sizes=\"auto, (max-width: 205px) 100vw, 205px\" \/><\/a> la forme d&rsquo;une<strong> rencontre dessin\u00e9e<\/strong>. Apr\u00e8s une premi\u00e8re s\u00e9rie de questions pos\u00e9es par Ghislaine ROMAN sur le processus d&rsquo;\u00e9criture, les images et le m\u00e9tier d&rsquo;auteur-illustrateur, R\u00e9mi COURGEON nous a offert une passionnante histoire dessin\u00e9e. Une histoire in\u00e9dite o\u00f9 ses talents de conteur se sont joints \u00e0 son dessin.\u00a0 <\/span><\/h4>\n<h4><span style=\"color: #000080;\">Un grand merci \u00e0 William FAUGERE pour son soutien technique et \u00e0 l&rsquo;\u00e9quipe de la m\u00e9diath\u00e8que de Muret pour sa disponibilit\u00e9<\/span><\/h4>\n<h4><span style=\"color: #000080;\">Tr\u00e8s beau moment que le public nombreux n&rsquo;oubliera pas de sit\u00f4t !<\/span><\/h4>\n<p>&nbsp;<\/p>\n<p><a href=\"http:\/\/www.criljmp.fr\/wordpress\/wp-content\/uploads\/2018\/02\/rencontre-muret1.jpg\"><img loading=\"lazy\" decoding=\"async\" class=\"size-medium wp-image-2174 alignleft\" src=\"http:\/\/www.criljmp.fr\/wordpress\/wp-content\/uploads\/2018\/02\/rencontre-muret1-225x300.jpg\" alt=\"\" width=\"225\" height=\"300\" srcset=\"https:\/\/www.criljmp.fr\/wordpress\/wp-content\/uploads\/2018\/02\/rencontre-muret1-225x300.jpg 225w, https:\/\/www.criljmp.fr\/wordpress\/wp-content\/uploads\/2018\/02\/rencontre-muret1.jpg 480w\" sizes=\"auto, (max-width: 225px) 100vw, 225px\" \/> <\/a>\u00a0\u00a0\u00a0\u00a0\u00a0\u00a0\u00a0\u00a0\u00a0\u00a0\u00a0\u00a0\u00a0\u00a0\u00a0\u00a0\u00a0\u00a0\u00a0 <a href=\"http:\/\/www.criljmp.fr\/wordpress\/wp-content\/uploads\/2018\/02\/rencontre-muret2.jpg\"><img loading=\"lazy\" decoding=\"async\" class=\"alignnone size-medium wp-image-2175\" src=\"http:\/\/www.criljmp.fr\/wordpress\/wp-content\/uploads\/2018\/02\/rencontre-muret2-300x225.jpg\" alt=\"\" width=\"300\" height=\"225\" srcset=\"https:\/\/www.criljmp.fr\/wordpress\/wp-content\/uploads\/2018\/02\/rencontre-muret2-300x225.jpg 300w, https:\/\/www.criljmp.fr\/wordpress\/wp-content\/uploads\/2018\/02\/rencontre-muret2.jpg 640w\" sizes=\"auto, (max-width: 300px) 100vw, 300px\" \/><\/a><\/p>\n<p>&nbsp;<\/p>\n<p>&nbsp;<\/p>\n<p>&nbsp;<\/p>\n<p>&nbsp;<\/p>\n<p>&nbsp;<\/p>\n<p>&nbsp;<\/p>\n<p>&nbsp;<\/p>\n","protected":false},"excerpt":{"rendered":"<p>Dans le cadre de notre projet de rencontres scolaires avec R\u00e9mi COURGEON, avaient \u00e9t\u00e9 programm\u00e9es deux soir\u00e9es de rencontres tout-public, la 1\u00e8re \u00e0 Fontenilles Mercredi 14 F\u00e9vrier 2018 \u00e0 partir de 17h et la 2nde \u00e0 Muret le Jeudi 15 &hellip; <a href=\"https:\/\/www.criljmp.fr\/wordpress\/2018\/02\/18\/soirees-rencontre-avec-remi-courgeon\/\">Continuer la lecture <span class=\"meta-nav\">&rarr;<\/span><\/a><\/p>\n","protected":false},"author":2,"featured_media":0,"comment_status":"closed","ping_status":"open","sticky":false,"template":"","format":"standard","meta":{"footnotes":""},"categories":[6],"tags":[336,116],"class_list":["post-2167","post","type-post","status-publish","format-standard","hentry","category-rencontre-projets","tag-remi-courgeon","tag-rencontre-2"],"_links":{"self":[{"href":"https:\/\/www.criljmp.fr\/wordpress\/wp-json\/wp\/v2\/posts\/2167","targetHints":{"allow":["GET"]}}],"collection":[{"href":"https:\/\/www.criljmp.fr\/wordpress\/wp-json\/wp\/v2\/posts"}],"about":[{"href":"https:\/\/www.criljmp.fr\/wordpress\/wp-json\/wp\/v2\/types\/post"}],"author":[{"embeddable":true,"href":"https:\/\/www.criljmp.fr\/wordpress\/wp-json\/wp\/v2\/users\/2"}],"replies":[{"embeddable":true,"href":"https:\/\/www.criljmp.fr\/wordpress\/wp-json\/wp\/v2\/comments?post=2167"}],"version-history":[{"count":2,"href":"https:\/\/www.criljmp.fr\/wordpress\/wp-json\/wp\/v2\/posts\/2167\/revisions"}],"predecessor-version":[{"id":2180,"href":"https:\/\/www.criljmp.fr\/wordpress\/wp-json\/wp\/v2\/posts\/2167\/revisions\/2180"}],"wp:attachment":[{"href":"https:\/\/www.criljmp.fr\/wordpress\/wp-json\/wp\/v2\/media?parent=2167"}],"wp:term":[{"taxonomy":"category","embeddable":true,"href":"https:\/\/www.criljmp.fr\/wordpress\/wp-json\/wp\/v2\/categories?post=2167"},{"taxonomy":"post_tag","embeddable":true,"href":"https:\/\/www.criljmp.fr\/wordpress\/wp-json\/wp\/v2\/tags?post=2167"}],"curies":[{"name":"wp","href":"https:\/\/api.w.org\/{rel}","templated":true}]}}