{"id":2097,"date":"2017-11-27T16:44:37","date_gmt":"2017-11-27T15:44:37","guid":{"rendered":"http:\/\/www.criljmp.fr\/wordpress\/?p=2097"},"modified":"2017-11-27T16:44:37","modified_gmt":"2017-11-27T15:44:37","slug":"remi-courgeon-et-malika-doray-sinvitent-en-haute-garonne","status":"publish","type":"post","link":"https:\/\/www.criljmp.fr\/wordpress\/2017\/11\/27\/remi-courgeon-et-malika-doray-sinvitent-en-haute-garonne\/","title":{"rendered":"REMI COURGEON et MALIKA DORAY S&rsquo;INVITENT EN HAUTE GARONNE"},"content":{"rendered":"<h2><span style=\"color: #000080;\">En partenariat avec les CADP du d\u00e9partement, la Salle du Livre de Rieux et des m\u00e9diath\u00e8ques, le CRILJ MP propose aux enfants du d\u00e9partement de rencontrer des auteurs et\/ou illustrateurs jeunesse. <\/span><\/h2>\n<h2><span style=\"color: #000080;\">Cette ann\u00e9e, les heureux \u00e9lus (!) sont :<\/span><\/h2>\n<h2><span style=\"color: #000080;\"><strong>&#8211; REMI COURGEON <\/strong>Il rencontrera 27 classes de C2 et C3 et l&rsquo;ensemble des groupes de l&rsquo;IME Dinguirard<\/span>\u00a0<span style=\"color: #000080;\"> \u00e0 Aurignac du mois de d\u00e9cembre 2017 au mois de f\u00e9vrier 2018.<\/span><\/h2>\n<h2><span style=\"color: #000080;\">&#8211; <strong>MALIKA DORAY<\/strong>\u00a0 Elle rencontrera 35 classes de C 1 et participera \u00e0 la Journ\u00e9e Professionnelle Petite Enfance en avril 2018. Elle sera aussi pr\u00e9sente en juin pour le Festival Enfin Livres de Caz\u00e8res<\/span><\/h2>\n<p><a href=\"http:\/\/www.criljmp.fr\/wordpress\/wp-content\/uploads\/2017\/11\/3-petites-souris.jpg\"><img loading=\"lazy\" decoding=\"async\" class=\" size-medium wp-image-2098 alignleft\" src=\"http:\/\/www.criljmp.fr\/wordpress\/wp-content\/uploads\/2017\/11\/3-petites-souris-219x300.jpg\" alt=\"3 petites souris\" width=\"219\" height=\"300\" srcset=\"https:\/\/www.criljmp.fr\/wordpress\/wp-content\/uploads\/2017\/11\/3-petites-souris-219x300.jpg 219w, https:\/\/www.criljmp.fr\/wordpress\/wp-content\/uploads\/2017\/11\/3-petites-souris.jpg 340w\" sizes=\"auto, (max-width: 219px) 100vw, 219px\" \/>\u00a0\u00a0\u00a0\u00a0\u00a0\u00a0\u00a0 <\/a><a href=\"http:\/\/www.criljmp.fr\/wordpress\/wp-content\/uploads\/2017\/11\/loizochat.jpeg\"><img loading=\"lazy\" decoding=\"async\" class=\"alignnone  wp-image-2099\" src=\"http:\/\/www.criljmp.fr\/wordpress\/wp-content\/uploads\/2017\/11\/loizochat.jpeg\" alt=\"l'oizochat\" width=\"202\" height=\"301\" \/><\/a><\/p>\n<h2><span style=\"color: #000080;\">Nous avons convi\u00e9 <strong>R\u00e9mi COURGEON<\/strong> \u00e0 une rencontre tout-public programm\u00e9e le <strong>jeudi 15 f\u00e9vrier 2018<\/strong> \u00e0 la M\u00e9diath\u00e8que de Muret.<\/span><\/h2>\n<h2><span style=\"color: #000080;\">Pour vous mettre en app\u00e9tit, voici les dossiers r\u00e9alis\u00e9s sur ces 2 auteurs-illustrateurs.<\/span><\/h2>\n<p><a href=\"http:\/\/www.criljmp.fr\/wordpress\/wp-content\/uploads\/2017\/11\/dossier-remicourgeon-1.pdf\">dossier remicourgeon (1)<\/a><\/p>\n<p><a href=\"http:\/\/www.criljmp.fr\/wordpress\/wp-content\/uploads\/2017\/11\/Dossier-Malika-DORAY.pdf\">Dossier Malika DORAY<\/a><\/p>\n<h2><\/h2>\n","protected":false},"excerpt":{"rendered":"<p>En partenariat avec les CADP du d\u00e9partement, la Salle du Livre de Rieux et des m\u00e9diath\u00e8ques, le CRILJ MP propose aux enfants du d\u00e9partement de rencontrer des auteurs et\/ou illustrateurs jeunesse. Cette ann\u00e9e, les heureux \u00e9lus (!) sont : &#8211; &hellip; <a href=\"https:\/\/www.criljmp.fr\/wordpress\/2017\/11\/27\/remi-courgeon-et-malika-doray-sinvitent-en-haute-garonne\/\">Continuer la lecture <span class=\"meta-nav\">&rarr;<\/span><\/a><\/p>\n","protected":false},"author":2,"featured_media":0,"comment_status":"closed","ping_status":"open","sticky":false,"template":"","format":"standard","meta":{"footnotes":""},"categories":[6],"tags":[322],"class_list":["post-2097","post","type-post","status-publish","format-standard","hentry","category-rencontre-projets","tag-malika-doray-remi-courgeonn"],"_links":{"self":[{"href":"https:\/\/www.criljmp.fr\/wordpress\/wp-json\/wp\/v2\/posts\/2097","targetHints":{"allow":["GET"]}}],"collection":[{"href":"https:\/\/www.criljmp.fr\/wordpress\/wp-json\/wp\/v2\/posts"}],"about":[{"href":"https:\/\/www.criljmp.fr\/wordpress\/wp-json\/wp\/v2\/types\/post"}],"author":[{"embeddable":true,"href":"https:\/\/www.criljmp.fr\/wordpress\/wp-json\/wp\/v2\/users\/2"}],"replies":[{"embeddable":true,"href":"https:\/\/www.criljmp.fr\/wordpress\/wp-json\/wp\/v2\/comments?post=2097"}],"version-history":[{"count":1,"href":"https:\/\/www.criljmp.fr\/wordpress\/wp-json\/wp\/v2\/posts\/2097\/revisions"}],"predecessor-version":[{"id":2102,"href":"https:\/\/www.criljmp.fr\/wordpress\/wp-json\/wp\/v2\/posts\/2097\/revisions\/2102"}],"wp:attachment":[{"href":"https:\/\/www.criljmp.fr\/wordpress\/wp-json\/wp\/v2\/media?parent=2097"}],"wp:term":[{"taxonomy":"category","embeddable":true,"href":"https:\/\/www.criljmp.fr\/wordpress\/wp-json\/wp\/v2\/categories?post=2097"},{"taxonomy":"post_tag","embeddable":true,"href":"https:\/\/www.criljmp.fr\/wordpress\/wp-json\/wp\/v2\/tags?post=2097"}],"curies":[{"name":"wp","href":"https:\/\/api.w.org\/{rel}","templated":true}]}}