{"id":1607,"date":"2016-04-12T18:20:31","date_gmt":"2016-04-12T17:20:31","guid":{"rendered":"http:\/\/www.criljmp.fr\/wordpress\/?p=1607"},"modified":"2018-03-25T15:41:49","modified_gmt":"2018-03-25T14:41:49","slug":"la-petite-collection-de-claire","status":"publish","type":"post","link":"https:\/\/www.criljmp.fr\/wordpress\/2016\/04\/12\/la-petite-collection-de-claire\/","title":{"rendered":"LA PETITE COLLECTION DE CLAIRE"},"content":{"rendered":"<p>Claire Franek nous a quitt\u00e9s trop t\u00f4t, emport\u00e9e par la maladie en ce d\u00e9but de printemps. Ses amis du monde de l&rsquo;illustration jeunesse se sont mobilis\u00e9s pour soutenir ses proches &#8230;<\/p>\n<p><a href=\"http:\/\/www.criljmp.fr\/wordpress\/wp-content\/uploads\/2016\/04\/la-petite-collevction-de-Claire1.jpg\"><img loading=\"lazy\" decoding=\"async\" class=\" size-medium wp-image-1609 aligncenter\" src=\"http:\/\/www.criljmp.fr\/wordpress\/wp-content\/uploads\/2016\/04\/la-petite-collevction-de-Claire1-300x83.jpg\" alt=\"la petite collevction de Claire\" width=\"300\" height=\"83\" srcset=\"https:\/\/www.criljmp.fr\/wordpress\/wp-content\/uploads\/2016\/04\/la-petite-collevction-de-Claire1-300x83.jpg 300w, https:\/\/www.criljmp.fr\/wordpress\/wp-content\/uploads\/2016\/04\/la-petite-collevction-de-Claire1.jpg 640w\" sizes=\"auto, (max-width: 300px) 100vw, 300px\" \/><\/a><\/p>\n<p><em><span style=\"color: #0000ff;\">\u00ab\u00a0Vous savez sans doute que Claire Franek est partie avant le printemps.<\/span><\/em><\/p>\n<p><em><span style=\"color: #0000ff;\">Pour elle, voici une collection d\u2019images des illustrateurs qu\u2019elle aimait, et quelques productions d\u2019auteurs, d\u2019amis\u2026 Un grand \u00e9lan d&rsquo;amiti\u00e9 et de solidarit\u00e9 dans ce milieu o\u00f9 nous sommes si pr\u00e9caires. <\/span><\/em><\/p>\n<p><em><span style=\"color: #0000ff;\">Des images \u00e0 recevoir en contrepartie de dons pour Marc Daniau, Auguste et \u00c9lias, Nina et Charlie Franek, les enfants de Claire\u2026 Pour que la vie continue.<\/span><\/em><\/p>\n<p><em><span style=\"color: #0000ff;\">Pour regarder les images, les acheter, <cite class=\"_Rm\">https:\/\/<b>claireetmarc<\/b>.com<\/cite><br \/>\n<\/span><\/em><\/p>\n<p><em><span style=\"color: #0000ff;\">Originaux, gravures, s\u00e9rigraphies, reproductions\u2026 mais aussi des dessins de presse, des photos, des manuscrits, et m\u00eame quelques oiseaux siffleurs ! Les \u0153uvres sont vendues entre 10 et 400 \u20ac.<\/span><\/em><\/p>\n<p><em><span style=\"color: #0000ff;\">La boutique est mise \u00e0 jour au gr\u00e9 des ventes et des r\u00e9ceptions de nouvelles images. N\u2019h\u00e9sitez pas \u00e0 repasser !<\/span><\/em><\/p>\n<p><em><span style=\"color: #0000ff;\">Cette op\u00e9ration est \u00e9ph\u00e9m\u00e8re, la boutique fermera le 1er mai.\u00a0\u00bb<\/span><\/em><\/p>\n<p style=\"text-align: center;\">\u00a0<a href=\"http:\/\/www.criljmp.fr\/wordpress\/wp-content\/uploads\/2016\/04\/tous\u00e0poil.jpe\"><img loading=\"lazy\" decoding=\"async\" class=\"alignnone size-full wp-image-1610\" src=\"http:\/\/www.criljmp.fr\/wordpress\/wp-content\/uploads\/2016\/04\/tous\u00e0poil.jpe\" alt=\"tous\u00e0poil\" width=\"220\" height=\"232\" \/><\/a><\/p>\n","protected":false},"excerpt":{"rendered":"<p>Claire Franek nous a quitt\u00e9s trop t\u00f4t, emport\u00e9e par la maladie en ce d\u00e9but de printemps. Ses amis du monde de l&rsquo;illustration jeunesse se sont mobilis\u00e9s pour soutenir ses proches &#8230; \u00ab\u00a0Vous savez sans doute que Claire Franek est partie &hellip; <a href=\"https:\/\/www.criljmp.fr\/wordpress\/2016\/04\/12\/la-petite-collection-de-claire\/\">Continuer la lecture <span class=\"meta-nav\">&rarr;<\/span><\/a><\/p>\n","protected":false},"author":2,"featured_media":0,"comment_status":"closed","ping_status":"open","sticky":false,"template":"","format":"standard","meta":{"footnotes":""},"categories":[1],"tags":[275],"class_list":["post-1607","post","type-post","status-publish","format-standard","hentry","category-chut-on-lit-chut-on-lit","tag-claire-franek"],"_links":{"self":[{"href":"https:\/\/www.criljmp.fr\/wordpress\/wp-json\/wp\/v2\/posts\/1607","targetHints":{"allow":["GET"]}}],"collection":[{"href":"https:\/\/www.criljmp.fr\/wordpress\/wp-json\/wp\/v2\/posts"}],"about":[{"href":"https:\/\/www.criljmp.fr\/wordpress\/wp-json\/wp\/v2\/types\/post"}],"author":[{"embeddable":true,"href":"https:\/\/www.criljmp.fr\/wordpress\/wp-json\/wp\/v2\/users\/2"}],"replies":[{"embeddable":true,"href":"https:\/\/www.criljmp.fr\/wordpress\/wp-json\/wp\/v2\/comments?post=1607"}],"version-history":[{"count":1,"href":"https:\/\/www.criljmp.fr\/wordpress\/wp-json\/wp\/v2\/posts\/1607\/revisions"}],"predecessor-version":[{"id":1611,"href":"https:\/\/www.criljmp.fr\/wordpress\/wp-json\/wp\/v2\/posts\/1607\/revisions\/1611"}],"wp:attachment":[{"href":"https:\/\/www.criljmp.fr\/wordpress\/wp-json\/wp\/v2\/media?parent=1607"}],"wp:term":[{"taxonomy":"category","embeddable":true,"href":"https:\/\/www.criljmp.fr\/wordpress\/wp-json\/wp\/v2\/categories?post=1607"},{"taxonomy":"post_tag","embeddable":true,"href":"https:\/\/www.criljmp.fr\/wordpress\/wp-json\/wp\/v2\/tags?post=1607"}],"curies":[{"name":"wp","href":"https:\/\/api.w.org\/{rel}","templated":true}]}}