{"id":1599,"date":"2016-04-12T17:40:17","date_gmt":"2016-04-12T16:40:17","guid":{"rendered":"http:\/\/www.criljmp.fr\/wordpress\/?p=1599"},"modified":"2018-03-25T15:42:38","modified_gmt":"2018-03-25T14:42:38","slug":"les-editions-des-elephants-vous-connaissez","status":"publish","type":"post","link":"https:\/\/www.criljmp.fr\/wordpress\/2016\/04\/12\/les-editions-des-elephants-vous-connaissez\/","title":{"rendered":"LES EDITIONS DES ELEPHANTS, VOUS CONNAISSEZ ?"},"content":{"rendered":"<p><a href=\"http:\/\/www.criljmp.fr\/wordpress\/wp-content\/uploads\/2016\/04\/logoelephants.jpg\"><img loading=\"lazy\" decoding=\"async\" class=\" wp-image-1600  aligncenter\" src=\"http:\/\/www.criljmp.fr\/wordpress\/wp-content\/uploads\/2016\/04\/logoelephants.jpg\" alt=\"\" width=\"208\" height=\"90\" \/><\/a><\/p>\n<p><span style=\"color: #090521;\">Nous avons fait la connaissance de cette jeune maison d&rsquo;\u00e9dition gr\u00e2ce \u00e0 Anne BROUILLARD qui est notre auteure-illustratrice invit\u00e9e cette ann\u00e9e.<\/span><\/p>\n<p><span style=\"color: #090521;\">Son dernier ouvrage, <em><strong><span style=\"color: #0000ff;\">Les aventuriers du soir<\/span><\/strong><\/em>, en 2015, est paru en effet dans cette maison d&rsquo;\u00e9dition<em><strong>.<\/strong><\/em><\/span><\/p>\n<p><span style=\"color: #090521;\">D\u00e8s lors, nous avons eu envie d&rsquo;en savoir plus et leur avons demand\u00e9 une pr\u00e9sentation de leur politique \u00e9ditoriale.<\/span><\/p>\n<p style=\"text-align: center;\"><span style=\"color: #0000ff;\"><strong>UNE NOUVELLE MAISON D&rsquo;EDITION JEUNESSE <\/strong><\/span><\/p>\n<p style=\"text-align: center;\"><span style=\"color: #0000ff;\"><strong>QUI CONJUGUE TOUS LES TALENTS DE L&rsquo;ELEPHANT !<\/strong><\/span><\/p>\n<p><span style=\"color: #090521;\">L&rsquo;ann\u00e9e 2015 a vu na\u00eetre apr\u00e8s plusieurs mois de gestation les tout premiers albums des Editions des El\u00e9phants. L&rsquo;\u00e9l\u00e9phant, c&rsquo;est la force et l&rsquo;intelligence, la m\u00e9moire et la gr\u00e2ce.<\/span><\/p>\n<p><span style=\"color: #090521;\">C&rsquo;est un animal social, altruiste, qui vit en groupe. C&rsquo;est un symbole de sagesse et de long\u00e9vit\u00e9. Et Les El\u00e9phants, c&rsquo;est une maison d&rsquo;\u00e9dition qui cultive tout cela \u00e0 la fois !<\/span><\/p>\n<p><span style=\"color: #090521;\"><strong><a style=\"color: #090521;\" href=\"http:\/\/www.criljmp.fr\/wordpress\/wp-content\/uploads\/2016\/04\/cit\u00e9-Babel.jpg\"><img loading=\"lazy\" decoding=\"async\" class=\"  wp-image-1601 alignleft\" src=\"http:\/\/www.criljmp.fr\/wordpress\/wp-content\/uploads\/2016\/04\/cit\u00e9-Babel.jpg\" alt=\"cit\u00e9 Babel\" width=\"165\" height=\"408\" \/><\/a><span style=\"color: #0000ff;\">LA FORCE<\/span><\/strong><\/span><\/p>\n<p><span style=\"color: #090521;\">Forts dans leur contenu, leur message, nos albums d\u00e9fendent des valeurs humanistes : histoires de partage, de solidarit\u00e9 ; ouverture au monde, aux autres et \u00e0 la diff\u00e9rence &#8230;Ils mettent \u00e0 l&rsquo;honneur le courage, la justice, l&rsquo;importance du vivre ensemble. Ils se veulent un reflet de la soci\u00e9t\u00e9 d&rsquo;aujourd&rsquo;hui : complexe, m\u00e9tiss\u00e9e, \u00e9galitaire. Et ils sont, ind\u00e9niablement porteurs d&rsquo;espoir et d&rsquo;optimisme !<\/span><\/p>\n<p><span style=\"color: #0000ff;\"><strong>L&rsquo;INTELLIGENCE<\/strong><\/span><\/p>\n<p><span style=\"color: #090521;\">Les Editions des El\u00e9phants font appel \u00e0 l&rsquo;intelligence de leurs lecteurs. Elles consacrent une partie de leur catalogue au savoir : de fa\u00e7on ludique ou graphique, la culture et la science sont repr\u00e9sent\u00e9es dans des albums documentaires ou des docu-fictions.<\/span><\/p>\n<p><span style=\"color: #0000ff;\"><strong>LA MEMOIRE<\/strong><\/span><\/p>\n<p><span style=\"color: #090521;\">Par le biais de t\u00e9moignages, biographies ou fictions, la collection \u00ab\u00a0M\u00e9moire d&rsquo;El\u00e9phant\u00a0\u00bb<a style=\"color: #090521;\" href=\"http:\/\/www.criljmp.fr\/wordpress\/wp-content\/uploads\/2016\/04\/korkjack.jpg\"><img loading=\"lazy\" decoding=\"async\" class=\"  wp-image-1602 alignright\" src=\"http:\/\/www.criljmp.fr\/wordpress\/wp-content\/uploads\/2016\/04\/korkjack.jpg\" alt=\"korkjack\" width=\"157\" height=\"238\" \/><\/a> contribue au devoir de m\u00e9moire, rapportant des \u00e9pisodes marquants de l&rsquo;histoire ou des destins hors du commun. Parce que l&rsquo;\u00e9l\u00e9phant n&rsquo;oublie jamais.<\/span><\/p>\n<p><span style=\"color: #0000ff;\"><strong>LA GR\u00c2CE<\/strong><\/span><\/p>\n<p><span style=\"color: #090521;\">Avec de nouveaux talents ou des artistes reconnus, nous proposons des approches graphiques qualitatives et vari\u00e9es. Des univers d&rsquo;artistes (May Angeli, He Zihong, Anne Brouillard &#8230;) viennent \u00e9toffer d&rsquo;albums tr\u00e8s personnels le catalogue, touchant les petits comme les grands.<\/span><\/p>\n<p style=\"text-align: center;\"><span style=\"color: #090521;\">Leur derni\u00e8re parution est une petite merveille !<\/span><\/p>\n<p style=\"text-align: center;\"><span style=\"color: #090521;\"><a style=\"color: #090521;\" href=\"http:\/\/www.criljmp.fr\/wordpress\/wp-content\/uploads\/2016\/04\/la-princesse-aux-perles.jpg\"><img loading=\"lazy\" decoding=\"async\" class=\"alignnone size-full wp-image-1603\" src=\"http:\/\/www.criljmp.fr\/wordpress\/wp-content\/uploads\/2016\/04\/la-princesse-aux-perles.jpg\" alt=\"la princesse aux perles\" width=\"120\" height=\"177\" \/><\/a><\/span><\/p>\n<p><span style=\"color: #090521;\">\u00a0<\/span><\/p>\n<p><span style=\"color: #090521;\">\u00a0<\/span><\/p>\n","protected":false},"excerpt":{"rendered":"<p>Nous avons fait la connaissance de cette jeune maison d&rsquo;\u00e9dition gr\u00e2ce \u00e0 Anne BROUILLARD qui est notre auteure-illustratrice invit\u00e9e cette ann\u00e9e. Son dernier ouvrage, Les aventuriers du soir, en 2015, est paru en effet dans cette maison d&rsquo;\u00e9dition. D\u00e8s lors, &hellip; <a href=\"https:\/\/www.criljmp.fr\/wordpress\/2016\/04\/12\/les-editions-des-elephants-vous-connaissez\/\">Continuer la lecture <span class=\"meta-nav\">&rarr;<\/span><\/a><\/p>\n","protected":false},"author":2,"featured_media":0,"comment_status":"closed","ping_status":"open","sticky":false,"template":"","format":"standard","meta":{"footnotes":""},"categories":[1],"tags":[274],"class_list":["post-1599","post","type-post","status-publish","format-standard","hentry","category-chut-on-lit-chut-on-lit","tag-editeurs-editions-des-elephants"],"_links":{"self":[{"href":"https:\/\/www.criljmp.fr\/wordpress\/wp-json\/wp\/v2\/posts\/1599","targetHints":{"allow":["GET"]}}],"collection":[{"href":"https:\/\/www.criljmp.fr\/wordpress\/wp-json\/wp\/v2\/posts"}],"about":[{"href":"https:\/\/www.criljmp.fr\/wordpress\/wp-json\/wp\/v2\/types\/post"}],"author":[{"embeddable":true,"href":"https:\/\/www.criljmp.fr\/wordpress\/wp-json\/wp\/v2\/users\/2"}],"replies":[{"embeddable":true,"href":"https:\/\/www.criljmp.fr\/wordpress\/wp-json\/wp\/v2\/comments?post=1599"}],"version-history":[{"count":3,"href":"https:\/\/www.criljmp.fr\/wordpress\/wp-json\/wp\/v2\/posts\/1599\/revisions"}],"predecessor-version":[{"id":1606,"href":"https:\/\/www.criljmp.fr\/wordpress\/wp-json\/wp\/v2\/posts\/1599\/revisions\/1606"}],"wp:attachment":[{"href":"https:\/\/www.criljmp.fr\/wordpress\/wp-json\/wp\/v2\/media?parent=1599"}],"wp:term":[{"taxonomy":"category","embeddable":true,"href":"https:\/\/www.criljmp.fr\/wordpress\/wp-json\/wp\/v2\/categories?post=1599"},{"taxonomy":"post_tag","embeddable":true,"href":"https:\/\/www.criljmp.fr\/wordpress\/wp-json\/wp\/v2\/tags?post=1599"}],"curies":[{"name":"wp","href":"https:\/\/api.w.org\/{rel}","templated":true}]}}