{"id":1251,"date":"2015-03-18T11:42:17","date_gmt":"2015-03-18T10:42:17","guid":{"rendered":"http:\/\/www.criljmp.fr\/wordpress\/?p=1251"},"modified":"2015-03-18T11:49:01","modified_gmt":"2015-03-18T10:49:01","slug":"deces-dalain-le-saux","status":"publish","type":"post","link":"https:\/\/www.criljmp.fr\/wordpress\/2015\/03\/18\/deces-dalain-le-saux\/","title":{"rendered":"DECES d&rsquo;ALAIN LE SAUX"},"content":{"rendered":"<p style=\"font-family: Arial, Helvetica, sans-serif; font-size: 16px; color: #000066;\"><strong><a href=\"http:\/\/www.criljmp.fr\/wordpress\/wp-content\/uploads\/2015\/03\/papa-ma-dit-....jpg\"><img loading=\"lazy\" decoding=\"async\" class=\" wp-image-1254 alignleft\" alt=\"papa m'a dit ...\" src=\"http:\/\/www.criljmp.fr\/wordpress\/wp-content\/uploads\/2015\/03\/papa-ma-dit-...-300x279.jpg\" width=\"240\" height=\"223\" srcset=\"https:\/\/www.criljmp.fr\/wordpress\/wp-content\/uploads\/2015\/03\/papa-ma-dit-...-300x279.jpg 300w, https:\/\/www.criljmp.fr\/wordpress\/wp-content\/uploads\/2015\/03\/papa-ma-dit-....jpg 400w\" sizes=\"auto, (max-width: 240px) 100vw, 240px\" \/><\/a>Alain Le Saux<\/strong>\u00a0est n\u00e9 en 1936. Suite \u00e0 des \u00e9tudes \u00e0 l&rsquo;\u00e9cole des m\u00e9tiers d&rsquo;art, il a commenc\u00e9 sa carri\u00e8re comme illustrateur dans la publicit\u00e9 et dans diff\u00e9rents magazines.<\/p>\n<p style=\"font-family: Arial, Helvetica, sans-serif; font-size: 16px; color: #000066;\">Il s&rsquo;est rapidement fait conna\u00eetre comme illustrateur pour le jeune public d\u00e9s 1983 avec le c\u00e9l\u00e8bre\u00a0<strong><em>Papa m&rsquo;a dit que son meilleur ami \u00e9tait un homme-grenouille, <\/em><\/strong>suivi ensuite d&rsquo;une s\u00e9rie de la m\u00eame veine.<\/p>\n<p style=\"font-family: Arial, Helvetica, sans-serif; font-size: 16px; color: #000066;\">Puis il a encha\u00een\u00e9 sur une collaboration avec son fr\u00e8re jumeau,\u00a0<strong>Philippe Corentin<\/strong>\u00a0(de son vrai nom Philippe Le Saux) &#8211;\u00a0<strong><em>Totor et Lili chez les moucheurs de nez<\/em><\/strong>\u00a0&#8211; \u00a0et avec\u00a0<strong>Gr\u00e9goire Solotareff<\/strong>.<\/p>\n<p style=\"font-family: Arial, Helvetica, sans-serif; font-size: 16px; color: #000066;\"><strong>Alain Le Saux<\/strong>\u00a0a travaill\u00e9 avec plusieurs \u00e9diteurs dont Rivages, Hatier, Gallimard jeunesse, L&rsquo;\u00e9cole des Loisirs ainsi que les \u00e9ditions du Seuil.<\/p>\n<p style=\"font-family: Arial, Helvetica, sans-serif; font-size: 16px; color: #000066;\"><strong>Alain Le Saux<\/strong>\u00a0jouait avec les mots et les expressions des adultes et la fa\u00e7on dont les enfants les comprennent.<\/p>\n<p style=\"font-family: Arial, Helvetica, sans-serif; font-size: 16px; color: #000066;\"><strong>Alain Le Saux\u00a0<\/strong>nous aura en tout cas beaucoup fait rire avec ses albums illustr\u00e9s de couleurs vives et dont la sobri\u00e9t\u00e9 assurait l&rsquo;efficacit\u00e9. Toute la s\u00e9rie des \u00ab\u00a0Papa\u00a0\u00bb dans laquelle on d\u00e9couvrait un texte minimal prolong\u00e9 dans des illustrations complices, admirablement construites.<\/p>\n<p style=\"font-family: Arial, Helvetica, sans-serif; font-size: 16px; color: #000066;\"><a href=\"http:\/\/www.criljmp.fr\/wordpress\/wp-content\/uploads\/2015\/03\/La_bo_te_des_papas_1.gif\"><img loading=\"lazy\" decoding=\"async\" class=\"wp-image-1256 alignleft\" alt=\"La_bo_te_des_papas_1\" src=\"http:\/\/www.criljmp.fr\/wordpress\/wp-content\/uploads\/2015\/03\/La_bo_te_des_papas_1-300x273.gif\" width=\"240\" height=\"218\" \/><\/a><\/p>\n<p style=\"font-family: Arial, Helvetica, sans-serif; font-size: 16px; color: #000066;\">Mais\u00a0<strong>Alain Le Saux<\/strong>\u00a0n&rsquo;\u00e9tait pas qu&rsquo;un rigolo. C&rsquo;est lui qui a cr\u00e9\u00e9 en 1992, avec son comp\u00e8re et complice\u00a0Gr\u00e9goire Solotareff, le merveilleux\u00a0\u00ab\u00a0Petit Mus\u00e9e\u00a0\u00bb\u00a0(L&rsquo;\u00e9cole des loisirs, 310 pages). Un imagier alphab\u00e9tique r\u00e9unissant 149 mots, illustr\u00e9s par 149 d\u00e9tails de tableaux somptueux, sans suite logique, rien que pour leur beaut\u00e9.<\/p>\n<p style=\"font-family: Arial, Helvetica, sans-serif; font-size: 16px; color: #000066;\">\n<p style=\"font-family: Arial, Helvetica, sans-serif; font-size: 16px; color: #000066;\">Ensemble,\u00a0<strong>Alain Le Saux\u00a0et\u00a0Gr\u00e9goire Solotareff<\/strong>\u00a0inventeront encore plusieurs s\u00e9ries d&rsquo;albums publi\u00e9es notamment au Seuil et chez Gallimard Jeunesse.<\/p>\n<p style=\"font-family: Arial, Helvetica, sans-serif; font-size: 16px; color: #000066;\"><strong>Alain Le Saux<\/strong> vient de d\u00e9c\u00e9der, mardi 17 mars 2015.\u00a0<a href=\"http:\/\/www.criljmp.fr\/wordpress\/wp-content\/uploads\/2015\/03\/Petit_Mus_e.jpg\"><img loading=\"lazy\" decoding=\"async\" class=\" wp-image-1255 alignright\" alt=\"Petit_Mus_e\" src=\"http:\/\/www.criljmp.fr\/wordpress\/wp-content\/uploads\/2015\/03\/Petit_Mus_e.jpg\" width=\"156\" height=\"160\" \/><\/a><\/p>\n<p style=\"font-family: Arial, Helvetica, sans-serif; font-size: 16px; color: #000066;\">\n","protected":false},"excerpt":{"rendered":"<p>Alain Le Saux\u00a0est n\u00e9 en 1936. Suite \u00e0 des \u00e9tudes \u00e0 l&rsquo;\u00e9cole des m\u00e9tiers d&rsquo;art, il a commenc\u00e9 sa carri\u00e8re comme illustrateur dans la publicit\u00e9 et dans diff\u00e9rents magazines. Il s&rsquo;est rapidement fait conna\u00eetre comme illustrateur pour le jeune public &hellip; <a href=\"https:\/\/www.criljmp.fr\/wordpress\/2015\/03\/18\/deces-dalain-le-saux\/\">Continuer la lecture <span class=\"meta-nav\">&rarr;<\/span><\/a><\/p>\n","protected":false},"author":2,"featured_media":0,"comment_status":"closed","ping_status":"open","sticky":false,"template":"","format":"standard","meta":{"footnotes":""},"categories":[1],"tags":[236],"class_list":["post-1251","post","type-post","status-publish","format-standard","hentry","category-chut-on-lit-chut-on-lit","tag-alain-le-saux"],"_links":{"self":[{"href":"https:\/\/www.criljmp.fr\/wordpress\/wp-json\/wp\/v2\/posts\/1251","targetHints":{"allow":["GET"]}}],"collection":[{"href":"https:\/\/www.criljmp.fr\/wordpress\/wp-json\/wp\/v2\/posts"}],"about":[{"href":"https:\/\/www.criljmp.fr\/wordpress\/wp-json\/wp\/v2\/types\/post"}],"author":[{"embeddable":true,"href":"https:\/\/www.criljmp.fr\/wordpress\/wp-json\/wp\/v2\/users\/2"}],"replies":[{"embeddable":true,"href":"https:\/\/www.criljmp.fr\/wordpress\/wp-json\/wp\/v2\/comments?post=1251"}],"version-history":[{"count":3,"href":"https:\/\/www.criljmp.fr\/wordpress\/wp-json\/wp\/v2\/posts\/1251\/revisions"}],"predecessor-version":[{"id":1257,"href":"https:\/\/www.criljmp.fr\/wordpress\/wp-json\/wp\/v2\/posts\/1251\/revisions\/1257"}],"wp:attachment":[{"href":"https:\/\/www.criljmp.fr\/wordpress\/wp-json\/wp\/v2\/media?parent=1251"}],"wp:term":[{"taxonomy":"category","embeddable":true,"href":"https:\/\/www.criljmp.fr\/wordpress\/wp-json\/wp\/v2\/categories?post=1251"},{"taxonomy":"post_tag","embeddable":true,"href":"https:\/\/www.criljmp.fr\/wordpress\/wp-json\/wp\/v2\/tags?post=1251"}],"curies":[{"name":"wp","href":"https:\/\/api.w.org\/{rel}","templated":true}]}}