{"id":857,"date":"2014-06-11T18:41:19","date_gmt":"2014-06-11T17:41:19","guid":{"rendered":"http:\/\/www.criljmp.fr\/wordpress\/?p=857"},"modified":"2014-06-11T18:41:19","modified_gmt":"2014-06-11T17:41:19","slug":"prix-chronos-2014","status":"publish","type":"post","link":"http:\/\/www.criljmp.fr\/wordpress\/2014\/06\/11\/prix-chronos-2014\/","title":{"rendered":"PRIX CHRONOS 2014"},"content":{"rendered":"<p style=\"font-family: Arial, Helvetica, sans-serif;\"><span style=\"font-size: medium; color: #000080;\">Organis\u00e9 chaque ann\u00e9e par la Fondation nationale de g\u00e9rontologie sur le th\u00e8me \u00ab\u00a0Grandir, c&rsquo;est vieillir ; Vieillir, c&rsquo;est grandir\u00a0\u00bb, les\u00a0<b>prix Chronos 2014, d\u00e9cern\u00e9s par un jury d&rsquo;enfants et adultes de tous \u00e2ges viennent d&rsquo;\u00eatre annonc\u00e9s.<\/b><\/span><\/p>\n<p style=\"font-family: Arial, Helvetica, sans-serif;\"><span style=\"font-size: medium; color: #000080;\">\u2022 Enfants des \u00e9coles maternelles :\u00a0<\/span><br \/>\n<span style=\"font-size: medium; color: #000080;\"> <b>Tobi et les souvenirs<\/b>, de Anne-Kathrine Behl, \u00e9d. Tourbillon.\u00a0<\/span><br \/>\n<span style=\"font-size: medium; color: #000080;\"> Les enseignants, responsables et adultes \u00e2g\u00e9s ont pr\u00e9f\u00e9r\u00e9 :\u00a0<\/span><br \/>\n<span style=\"font-size: medium; color: #000080;\"> <b>Les Petits cailloux de Mamay\u00e9<\/b>, de Sandrine L\u00e9vy, ill. Coralie Saudo, \u00e9d. Les 400 coups (coll. Carr\u00e9 blanc).<\/span><\/p>\n<p style=\"font-family: Arial, Helvetica, sans-serif;\"><span style=\"font-size: medium; color: #000080;\">\u2022 Enfants de CE1-CE2 :\u00a0<\/span><br \/>\n<span style=\"font-size: medium; color: #000080;\"> <b>Kiki et Rosalie<\/b>, de Ronan Badel, \u00e9d. Sarbacane.\u00a0<\/span><br \/>\n<span style=\"font-size: medium; color: #000080;\"> Les enseignants, responsables et adultes \u00e2g\u00e9s ont pr\u00e9f\u00e9r\u00e9 :\u00a0<\/span><br \/>\n<span style=\"font-size: medium; color: #000080;\"> <b>La Petite<\/b><b> vieille du rez-de-chauss\u00e9e<\/b>, de Charlotte B\u00e9li\u00e8re, ill. Ian De Haes, \u00e9d. Alice Jeunesse (coll. Histoires comme \u00e7a).<\/span><\/p>\n<p style=\"font-family: Arial, Helvetica, sans-serif;\"><span style=\"font-size: medium; color: #000080;\">\u2022 Enfants de CM1-CM2, enseignants et responsables :\u00a0<\/span><br \/>\n<span style=\"font-size: medium; color: #000080;\"> <b>Rue des petits singes<\/b>, de Agn\u00e8s Laroche, ill. Fr\u00e9d\u00e9rique Vayssi\u00e8res, \u00e9d. Rageot (coll. Rageot romans).\u00a0<\/span><br \/>\n<span style=\"font-size: medium; color: #000080;\"> Les adultes \u00e2g\u00e9s ont pr\u00e9f\u00e9r\u00e9 :\u00a0<\/span><br \/>\n<span style=\"font-size: medium; color: #000080;\"> <b>Une bouteille \u00e0 la mer<\/b>, de Oriane Lallemand, ill. Christelle Le Guen, \u00e9d. Millefeuille.<\/span><\/p>\n<p style=\"font-family: Arial, Helvetica, sans-serif;\"><span style=\"font-size: medium; color: #000080;\">\u2022 Jeunes de 6e-5e :\u00a0<\/span><br \/>\n<span style=\"font-size: medium; color: #000080;\"> <b>Monsieur Kipu<\/b>, de David Walliams, ill. Quentin Blake, \u00e9d. Albin Michel Jeunesse (coll. Witty).\u00a0<\/span><br \/>\n<span style=\"font-size: medium; color: #000080;\"> Les enseignants, responsables et adultes \u00e2g\u00e9s ont pr\u00e9f\u00e9r\u00e9 :\u00a0<\/span><br \/>\n<span style=\"font-size: medium; color: #000080;\"> <b>Le Petit coeur rouge<\/b>, de V\u00e9ronique Duch\u00e2teau, \u00e9d. Art\u00e8ge.<\/span><\/p>\n<p style=\"font-family: Arial, Helvetica, sans-serif;\"><span style=\"font-size: medium; color: #000080;\">\u2022 Jeunes de 4e-3e, enseignants, responsables et adultes \u00e2g\u00e9s :\u00a0<\/span><br \/>\n<span style=\"font-size: medium; color: #000080;\"> <b>Swing \u00e0 Berlin<\/b>, de Christophe Lambert, \u00e9d. Bayard Jeunesse (coll. Millezime).<\/span><\/p>\n<p style=\"font-family: Arial, Helvetica, sans-serif;\"><span style=\"font-size: medium; color: #000080;\">\u2022 Lyc\u00e9ens, 20 ans et + et adultes \u00e2g\u00e9s :<b><br \/>\n<b>Le Premier oubli\u00e9<\/b>, <\/b>de Cyril Massarotto, XO \u00e9ditions.\u00a0<b><br \/>\n<\/b>Les enseignants et responsables ont pr\u00e9f\u00e9r\u00e9 :\u00a0<b><br \/>\n<b>La Lettre<\/b><b> qui allait changer le destin d&rsquo;Harold Fry arriva un mardi<\/b>, de <\/b>Rachel Joyce, XO \u00e9ditions<b>.\u00a0<\/b><\/span><\/p>\n","protected":false},"excerpt":{"rendered":"<p>Organis\u00e9 chaque ann\u00e9e par la Fondation nationale de g\u00e9rontologie sur le th\u00e8me \u00ab\u00a0Grandir, c&rsquo;est vieillir ; Vieillir, c&rsquo;est grandir\u00a0\u00bb, les\u00a0prix Chronos 2014, d\u00e9cern\u00e9s par un jury d&rsquo;enfants et adultes de tous \u00e2ges viennent d&rsquo;\u00eatre annonc\u00e9s. \u2022 Enfants des \u00e9coles maternelles &hellip; <a href=\"http:\/\/www.criljmp.fr\/wordpress\/2014\/06\/11\/prix-chronos-2014\/\">Continuer la lecture <span class=\"meta-nav\">&rarr;<\/span><\/a><\/p>\n","protected":false},"author":2,"featured_media":0,"comment_status":"closed","ping_status":"open","sticky":false,"template":"","format":"standard","meta":{"footnotes":""},"categories":[1],"tags":[169,174],"class_list":["post-857","post","type-post","status-publish","format-standard","hentry","category-chut-on-lit-chut-on-lit","tag-169","tag-prix-chronos"],"_links":{"self":[{"href":"http:\/\/www.criljmp.fr\/wordpress\/wp-json\/wp\/v2\/posts\/857","targetHints":{"allow":["GET"]}}],"collection":[{"href":"http:\/\/www.criljmp.fr\/wordpress\/wp-json\/wp\/v2\/posts"}],"about":[{"href":"http:\/\/www.criljmp.fr\/wordpress\/wp-json\/wp\/v2\/types\/post"}],"author":[{"embeddable":true,"href":"http:\/\/www.criljmp.fr\/wordpress\/wp-json\/wp\/v2\/users\/2"}],"replies":[{"embeddable":true,"href":"http:\/\/www.criljmp.fr\/wordpress\/wp-json\/wp\/v2\/comments?post=857"}],"version-history":[{"count":1,"href":"http:\/\/www.criljmp.fr\/wordpress\/wp-json\/wp\/v2\/posts\/857\/revisions"}],"predecessor-version":[{"id":858,"href":"http:\/\/www.criljmp.fr\/wordpress\/wp-json\/wp\/v2\/posts\/857\/revisions\/858"}],"wp:attachment":[{"href":"http:\/\/www.criljmp.fr\/wordpress\/wp-json\/wp\/v2\/media?parent=857"}],"wp:term":[{"taxonomy":"category","embeddable":true,"href":"http:\/\/www.criljmp.fr\/wordpress\/wp-json\/wp\/v2\/categories?post=857"},{"taxonomy":"post_tag","embeddable":true,"href":"http:\/\/www.criljmp.fr\/wordpress\/wp-json\/wp\/v2\/tags?post=857"}],"curies":[{"name":"wp","href":"https:\/\/api.w.org\/{rel}","templated":true}]}}