{"id":3480,"date":"2022-10-07T08:32:59","date_gmt":"2022-10-07T07:32:59","guid":{"rendered":"http:\/\/www.criljmp.fr\/wordpress\/?p=3480"},"modified":"2022-10-07T08:33:00","modified_gmt":"2022-10-07T07:33:00","slug":"journee-professionnelle-petite-enfance-sur-le-theme-des-imagiers","status":"publish","type":"post","link":"http:\/\/www.criljmp.fr\/wordpress\/2022\/10\/07\/journee-professionnelle-petite-enfance-sur-le-theme-des-imagiers\/","title":{"rendered":"JOURNEE PROFESSIONNELLE PETITE ENFANCE SUR LE THEME DES IMAGIERS"},"content":{"rendered":"\n<p><a href=\"http:\/\/www.criljmp.fr\/wordpress\/wp-content\/uploads\/2022\/10\/Affiche-Journee-Pro-2022.jpg\"><img loading=\"lazy\" decoding=\"async\" class=\"size-full wp-image-3481 aligncenter\" src=\"http:\/\/www.criljmp.fr\/wordpress\/wp-content\/uploads\/2022\/10\/Affiche-Journee-Pro-2022.jpg\" alt=\"\" width=\"543\" height=\"768\" srcset=\"http:\/\/www.criljmp.fr\/wordpress\/wp-content\/uploads\/2022\/10\/Affiche-Journee-Pro-2022.jpg 543w, http:\/\/www.criljmp.fr\/wordpress\/wp-content\/uploads\/2022\/10\/Affiche-Journee-Pro-2022-212x300.jpg 212w\" sizes=\"auto, (max-width: 543px) 100vw, 543px\" \/><\/a><\/p>\n<p>Cette ann\u00e9e, nous aborderons la lecture des imagiers, ce genre d&rsquo;albums qui ne racontent pas v\u00e9ritablement une histoire, quoique, mais\u00a0 qui permettent au tr\u00e8s jeune enfant de se forger une premi\u00e8re lecture du monde. Et si ce n&rsquo;\u00e9tait que \u00e7a ! L&rsquo;imagier permet aussi de se construire une premier bagage lexical, indispensable pour communiquer avec autrui et \u00e0 sa socialisation<\/p>\n<p><a href=\"http:\/\/www.criljmp.fr\/wordpress\/wp-content\/uploads\/2022\/10\/Programme-Journee-Pro-2022.jpg\"><img loading=\"lazy\" decoding=\"async\" class=\"size-full wp-image-3482 aligncenter\" src=\"http:\/\/www.criljmp.fr\/wordpress\/wp-content\/uploads\/2022\/10\/Programme-Journee-Pro-2022.jpg\" alt=\"\" width=\"543\" height=\"768\" srcset=\"http:\/\/www.criljmp.fr\/wordpress\/wp-content\/uploads\/2022\/10\/Programme-Journee-Pro-2022.jpg 543w, http:\/\/www.criljmp.fr\/wordpress\/wp-content\/uploads\/2022\/10\/Programme-Journee-Pro-2022-212x300.jpg 212w\" sizes=\"auto, (max-width: 543px) 100vw, 543px\" \/><\/a><\/p>\n\n\n\n\n\n<p>Pour s&rsquo;inscrire jusqu&rsquo;au 17 octobre 2022 : <a href=\"http:\/\/www.criljmp.fr\/wordpress\/wp-content\/uploads\/2022\/10\/Fiche-dinscription-Journee-Pro-2022.pdf\">Fiche d&rsquo;inscription Journ\u00e9e Pro 2022<\/a><\/p>\n","protected":false},"excerpt":{"rendered":"<p>Cette ann\u00e9e, nous aborderons la lecture des imagiers, ce genre d&rsquo;albums qui ne racontent pas v\u00e9ritablement une histoire, quoique, mais\u00a0 qui permettent au tr\u00e8s jeune enfant de se forger une premi\u00e8re lecture du monde. Et si ce n&rsquo;\u00e9tait que \u00e7a &hellip; <a href=\"http:\/\/www.criljmp.fr\/wordpress\/2022\/10\/07\/journee-professionnelle-petite-enfance-sur-le-theme-des-imagiers\/\">Continuer la lecture <span class=\"meta-nav\">&rarr;<\/span><\/a><\/p>\n","protected":false},"author":2,"featured_media":0,"comment_status":"closed","ping_status":"open","sticky":false,"template":"","format":"standard","meta":{"footnotes":""},"categories":[215],"tags":[],"class_list":["post-3480","post","type-post","status-publish","format-standard","hentry","category-journees-professionnelles"],"_links":{"self":[{"href":"http:\/\/www.criljmp.fr\/wordpress\/wp-json\/wp\/v2\/posts\/3480","targetHints":{"allow":["GET"]}}],"collection":[{"href":"http:\/\/www.criljmp.fr\/wordpress\/wp-json\/wp\/v2\/posts"}],"about":[{"href":"http:\/\/www.criljmp.fr\/wordpress\/wp-json\/wp\/v2\/types\/post"}],"author":[{"embeddable":true,"href":"http:\/\/www.criljmp.fr\/wordpress\/wp-json\/wp\/v2\/users\/2"}],"replies":[{"embeddable":true,"href":"http:\/\/www.criljmp.fr\/wordpress\/wp-json\/wp\/v2\/comments?post=3480"}],"version-history":[{"count":1,"href":"http:\/\/www.criljmp.fr\/wordpress\/wp-json\/wp\/v2\/posts\/3480\/revisions"}],"predecessor-version":[{"id":3484,"href":"http:\/\/www.criljmp.fr\/wordpress\/wp-json\/wp\/v2\/posts\/3480\/revisions\/3484"}],"wp:attachment":[{"href":"http:\/\/www.criljmp.fr\/wordpress\/wp-json\/wp\/v2\/media?parent=3480"}],"wp:term":[{"taxonomy":"category","embeddable":true,"href":"http:\/\/www.criljmp.fr\/wordpress\/wp-json\/wp\/v2\/categories?post=3480"},{"taxonomy":"post_tag","embeddable":true,"href":"http:\/\/www.criljmp.fr\/wordpress\/wp-json\/wp\/v2\/tags?post=3480"}],"curies":[{"name":"wp","href":"https:\/\/api.w.org\/{rel}","templated":true}]}}