{"id":2799,"date":"2020-02-08T12:07:29","date_gmt":"2020-02-08T11:07:29","guid":{"rendered":"http:\/\/www.criljmp.fr\/wordpress\/?p=2799"},"modified":"2020-02-08T12:07:30","modified_gmt":"2020-02-08T11:07:30","slug":"journee-professionnelle-petite-enfance-2020","status":"publish","type":"post","link":"http:\/\/www.criljmp.fr\/wordpress\/2020\/02\/08\/journee-professionnelle-petite-enfance-2020\/","title":{"rendered":"JOURNEE PROFESSIONNELLE PETITE ENFANCE 2020"},"content":{"rendered":"\n<p>Nous vous donnons RDV pour cette nouvelle Journ\u00e9e Professionnelle Petite Enfance qui portera cette ann\u00e9e sur les \u00ab\u00a0livres-objets\u00a0\u00bb. Elle se d\u00e9roulera le jeudi 26 mars \u00e0 la M\u00e9diath\u00e8que de Muret.<\/p>\n<p>D\u00e9couvrez ci-dessous l&rsquo;affiche, le programme et la fiche d&rsquo;inscription.<\/p>\n<p>Nous vous conseillons vivement de vous pr\u00e9-inscrire car le nombre de participants est limit\u00e9 \u00e0 50.<\/p>\n<p>A tr\u00e8s bient\u00f4t !<\/p>\n<p><a href=\"http:\/\/www.criljmp.fr\/wordpress\/wp-content\/uploads\/2020\/02\/Affiche-journ\u00e9e-pro-Crilj-2020-H-1.jpg\"><img loading=\"lazy\" decoding=\"async\" class=\"alignnone wp-image-2800 size-full\" src=\"http:\/\/www.criljmp.fr\/wordpress\/wp-content\/uploads\/2020\/02\/Affiche-journ\u00e9e-pro-Crilj-2020-H-1.jpg\" alt=\"\" width=\"543\" height=\"768\" srcset=\"http:\/\/www.criljmp.fr\/wordpress\/wp-content\/uploads\/2020\/02\/Affiche-journ\u00e9e-pro-Crilj-2020-H-1.jpg 543w, http:\/\/www.criljmp.fr\/wordpress\/wp-content\/uploads\/2020\/02\/Affiche-journ\u00e9e-pro-Crilj-2020-H-1-212x300.jpg 212w\" sizes=\"auto, (max-width: 543px) 100vw, 543px\" \/><\/a><\/p>\n<p><a href=\"http:\/\/www.criljmp.fr\/wordpress\/wp-content\/uploads\/2020\/02\/Programme-Journ\u00e9e-Pro-2020-CRILJ.jpg\"><img loading=\"lazy\" decoding=\"async\" class=\"alignnone wp-image-2802 size-full\" src=\"http:\/\/www.criljmp.fr\/wordpress\/wp-content\/uploads\/2020\/02\/Programme-Journ\u00e9e-Pro-2020-CRILJ.jpg\" alt=\"\" width=\"543\" height=\"768\" srcset=\"http:\/\/www.criljmp.fr\/wordpress\/wp-content\/uploads\/2020\/02\/Programme-Journ\u00e9e-Pro-2020-CRILJ.jpg 543w, http:\/\/www.criljmp.fr\/wordpress\/wp-content\/uploads\/2020\/02\/Programme-Journ\u00e9e-Pro-2020-CRILJ-212x300.jpg 212w\" sizes=\"auto, (max-width: 543px) 100vw, 543px\" \/><\/a><\/p>\n<p>et pour vous inscrire : <a href=\"http:\/\/www.criljmp.fr\/wordpress\/wp-content\/uploads\/2020\/02\/Fiche-Inscription-Journ\u00e9e-Pro-2020-CRILJ-1.pdf\">Fiche Inscription Journ\u00e9e Pro 2020 CRILJ (1)<\/a><\/p>\n<p>\u00a0<\/p>\n","protected":false},"excerpt":{"rendered":"<p>Nous vous donnons RDV pour cette nouvelle Journ\u00e9e Professionnelle Petite Enfance qui portera cette ann\u00e9e sur les \u00ab\u00a0livres-objets\u00a0\u00bb. Elle se d\u00e9roulera le jeudi 26 mars \u00e0 la M\u00e9diath\u00e8que de Muret. D\u00e9couvrez ci-dessous l&rsquo;affiche, le programme et la fiche d&rsquo;inscription. Nous &hellip; <a href=\"http:\/\/www.criljmp.fr\/wordpress\/2020\/02\/08\/journee-professionnelle-petite-enfance-2020\/\">Continuer la lecture <span class=\"meta-nav\">&rarr;<\/span><\/a><\/p>\n","protected":false},"author":2,"featured_media":0,"comment_status":"closed","ping_status":"open","sticky":false,"template":"","format":"standard","meta":{"footnotes":""},"categories":[215],"tags":[],"class_list":["post-2799","post","type-post","status-publish","format-standard","hentry","category-journees-professionnelles"],"_links":{"self":[{"href":"http:\/\/www.criljmp.fr\/wordpress\/wp-json\/wp\/v2\/posts\/2799","targetHints":{"allow":["GET"]}}],"collection":[{"href":"http:\/\/www.criljmp.fr\/wordpress\/wp-json\/wp\/v2\/posts"}],"about":[{"href":"http:\/\/www.criljmp.fr\/wordpress\/wp-json\/wp\/v2\/types\/post"}],"author":[{"embeddable":true,"href":"http:\/\/www.criljmp.fr\/wordpress\/wp-json\/wp\/v2\/users\/2"}],"replies":[{"embeddable":true,"href":"http:\/\/www.criljmp.fr\/wordpress\/wp-json\/wp\/v2\/comments?post=2799"}],"version-history":[{"count":1,"href":"http:\/\/www.criljmp.fr\/wordpress\/wp-json\/wp\/v2\/posts\/2799\/revisions"}],"predecessor-version":[{"id":2804,"href":"http:\/\/www.criljmp.fr\/wordpress\/wp-json\/wp\/v2\/posts\/2799\/revisions\/2804"}],"wp:attachment":[{"href":"http:\/\/www.criljmp.fr\/wordpress\/wp-json\/wp\/v2\/media?parent=2799"}],"wp:term":[{"taxonomy":"category","embeddable":true,"href":"http:\/\/www.criljmp.fr\/wordpress\/wp-json\/wp\/v2\/categories?post=2799"},{"taxonomy":"post_tag","embeddable":true,"href":"http:\/\/www.criljmp.fr\/wordpress\/wp-json\/wp\/v2\/tags?post=2799"}],"curies":[{"name":"wp","href":"https:\/\/api.w.org\/{rel}","templated":true}]}}