{"id":2330,"date":"2018-05-25T11:16:51","date_gmt":"2018-05-25T10:16:51","guid":{"rendered":"http:\/\/www.criljmp.fr\/wordpress\/?p=2330"},"modified":"2018-05-25T11:16:51","modified_gmt":"2018-05-25T10:16:51","slug":"la-compagnie-des-jours-programmee-au-theatre-des-preambules","status":"publish","type":"post","link":"http:\/\/www.criljmp.fr\/wordpress\/2018\/05\/25\/la-compagnie-des-jours-programmee-au-theatre-des-preambules\/","title":{"rendered":"LA COMPAGNIE DES JOURS PROGRAMMEE AU THEATRE DES PREAMBULES"},"content":{"rendered":"<p><a href=\"http:\/\/www.criljmp.fr\/wordpress\/wp-content\/uploads\/2018\/05\/TdP_-Contes-du-grain-de-bl\u00e9-AFFICHE-197x300-Copie.jpg\"><img loading=\"lazy\" decoding=\"async\" class=\"wp-image-2331 aligncenter\" src=\"http:\/\/www.criljmp.fr\/wordpress\/wp-content\/uploads\/2018\/05\/TdP_-Contes-du-grain-de-bl\u00e9-AFFICHE-197x300-Copie-197x300.jpg\" alt=\"\" width=\"225\" height=\"343\" \/><\/a><\/p>\n<h3><i>Dis Papy, comment une graine \u00e7a vit sous la terre ? Comment elle na\u00eet et grandit ? Comment le bl\u00e9 pousse-t-il ? Comment devient-il farine ?\u00a0<\/i><i><br \/>\n<\/i><i>Et pain aussi ? Dis&#8230; comment&#8230; comment&#8230;<\/i><i><br \/>\n<\/i><i>Contes, chant et jeux de mains pour enfants de 9 mois \u00e0 5 ans<\/i><i><\/i><\/h3>\n<p>Nous avons le plaisir de vous annoncer la programmation de ce spectacle cont\u00e9 de Florence BATHELLIER au nouveau th\u00e9\u00e2tre muretain, le Th\u00e9\u00e2tre des Pr\u00e9ambules.<\/p>\n<p><strong>Ce sera les 26 et 27 Mai , 02 et 03 Juin \u00e0 11h &#8230; et aussi le 30 mai \u00e0 10h 30<\/strong><\/p>\n<p>Pour r\u00e9server : <strong>09\/87\/37\/84\/73<\/strong><\/p>\n<p>L&rsquo;adresse du th\u00e9\u00e2tre des Pr\u00e9ambules : 22 avenue Jacques DOUZANs, 31600 MURET<\/p>\n<p><strong>Tarifs\u00a0: 6 \u20ac, 5 \u20ac groupes, gratuit pour les assistantes maternelles<\/strong><\/p>\n<p><i>N&rsquo;h\u00e9sitez pas \u00e0 en parler autour de vous !<br \/>\n<\/i><\/p>\n<p>Florence BATHELLIER est conteuse professionnelle et collabore notamment avec le CRILJ MP\u00a0 pour des <strong>\u00ab\u00a0Contages et Racontages pour tout-Petits\u00a0\u00bb<\/strong> tous les mois sur les AGORAS de Muret.<\/p>\n<p><em>Pour en savoir plus sur le th\u00e9\u00e2tre et sa programmation\u00a0 :<\/em> <strong>http:\/\/theatredespreambules.com\/<\/strong><\/p>\n","protected":false},"excerpt":{"rendered":"<p>Dis Papy, comment une graine \u00e7a vit sous la terre ? Comment elle na\u00eet et grandit ? Comment le bl\u00e9 pousse-t-il ? Comment devient-il farine ?\u00a0 Et pain aussi ? Dis&#8230; comment&#8230; comment&#8230; Contes, chant et jeux de mains pour &hellip; <a href=\"http:\/\/www.criljmp.fr\/wordpress\/2018\/05\/25\/la-compagnie-des-jours-programmee-au-theatre-des-preambules\/\">Continuer la lecture <span class=\"meta-nav\">&rarr;<\/span><\/a><\/p>\n","protected":false},"author":2,"featured_media":0,"comment_status":"closed","ping_status":"open","sticky":false,"template":"","format":"standard","meta":{"footnotes":""},"categories":[1],"tags":[365],"class_list":["post-2330","post","type-post","status-publish","format-standard","hentry","category-chut-on-lit-chut-on-lit","tag-theatre-des-preambules-contes"],"_links":{"self":[{"href":"http:\/\/www.criljmp.fr\/wordpress\/wp-json\/wp\/v2\/posts\/2330","targetHints":{"allow":["GET"]}}],"collection":[{"href":"http:\/\/www.criljmp.fr\/wordpress\/wp-json\/wp\/v2\/posts"}],"about":[{"href":"http:\/\/www.criljmp.fr\/wordpress\/wp-json\/wp\/v2\/types\/post"}],"author":[{"embeddable":true,"href":"http:\/\/www.criljmp.fr\/wordpress\/wp-json\/wp\/v2\/users\/2"}],"replies":[{"embeddable":true,"href":"http:\/\/www.criljmp.fr\/wordpress\/wp-json\/wp\/v2\/comments?post=2330"}],"version-history":[{"count":1,"href":"http:\/\/www.criljmp.fr\/wordpress\/wp-json\/wp\/v2\/posts\/2330\/revisions"}],"predecessor-version":[{"id":2332,"href":"http:\/\/www.criljmp.fr\/wordpress\/wp-json\/wp\/v2\/posts\/2330\/revisions\/2332"}],"wp:attachment":[{"href":"http:\/\/www.criljmp.fr\/wordpress\/wp-json\/wp\/v2\/media?parent=2330"}],"wp:term":[{"taxonomy":"category","embeddable":true,"href":"http:\/\/www.criljmp.fr\/wordpress\/wp-json\/wp\/v2\/categories?post=2330"},{"taxonomy":"post_tag","embeddable":true,"href":"http:\/\/www.criljmp.fr\/wordpress\/wp-json\/wp\/v2\/tags?post=2330"}],"curies":[{"name":"wp","href":"https:\/\/api.w.org\/{rel}","templated":true}]}}