{"id":2323,"date":"2018-03-30T16:48:15","date_gmt":"2018-03-30T15:48:15","guid":{"rendered":"http:\/\/www.criljmp.fr\/wordpress\/?p=2323"},"modified":"2018-05-13T17:14:43","modified_gmt":"2018-05-13T16:14:43","slug":"foire-internationale-de-bologne","status":"publish","type":"post","link":"http:\/\/www.criljmp.fr\/wordpress\/2018\/03\/30\/foire-internationale-de-bologne\/","title":{"rendered":"FOIRE INTERNATIONALE DE BOLOGNE"},"content":{"rendered":"<p><span style=\"color: #000080;\">La 55\u00e8 Foire Internationale du Livre de jeunesse de Bologne s&rsquo;est tenue\u00a0 du 26 au 29 mars 2018 et a mis \u00e0 l&rsquo;honneur la Chine.\u00a0<\/span><\/p>\n<p><span style=\"color: #000080;\">R\u00e9serv\u00e9e aux professionnels, elle met l&rsquo;accent sur les diff\u00e9rents courants artistiques du moment, est le lieu d&rsquo;\u00e9changes culturels et l&rsquo;occasion de futures collaborations.<\/span><\/p>\n<p><span style=\"color: #000080;\">Plusieurs illustrateurs et \u00e9diteurs fran\u00e7ais ont obtenu des mentions lors de cette \u00e9dition 2018.<\/span><\/p>\n<p><span style=\"color: #000080;\"><span style=\"text-decoration: underline;\">Mention Fiction<\/span> : <em><strong>L&rsquo;oiseau blanc <\/strong><\/em>d&rsquo;Alex Cousseau et Charles Dutertre, aux Editions du Rouergue <\/span><\/p>\n<p><span style=\"color: #000080;\"><span style=\"text-decoration: underline;\">Mention Fiction, Mention Sp\u00e9ciale<\/span> : <em><strong>Otto,<\/strong><\/em> Florie Saint Val et Etienne Exbrayat chez\u00a0 MeMo<\/span><\/p>\n<p><span style=\"color: #000080;\"><span style=\"text-decoration: underline;\">Mention Premi\u00e8re oeuvre, Mention sp\u00e9ciale<\/span> : <em><strong>L&rsquo;ascension de Saussure<\/strong><\/em> de Pierre Zenzius, <\/span><span style=\"color: #000080;\">aux Editions du\u00a0 Rouergue<\/span><\/p>\n<p><span style=\"color: #000080;\"><span style=\"text-decoration: underline;\">Mention Non fiction, Mention sp\u00e9ciale<\/span> :<em><strong> Louis Pasteur : enqu\u00eates pour la science<\/strong><\/em> de Florence Pinaud et Julien Billaudeau,\u00a0 chez Actes Sud junior\u00a0<\/span><\/p>\n<p><span style=\"color: #000080;\"><span style=\"text-decoration: underline;\">Mention Non fiction, Mention sp\u00e9ciale<\/span> :<em><strong> Le ruban<\/strong><\/em>, d&rsquo;Adrien Parlange chez Albin Michel jeunesse<\/span><\/p>\n<p><span style=\"color: #000080;\"><span style=\"text-decoration: underline;\">Mention Premi\u00e8re \u0153uvre :<\/span><em><strong> La plage<\/strong><\/em> de Sol Undurraga, aux Editions L&rsquo;Agrume<\/span><\/p>\n<p><span style=\"color: #000080;\"><span style=\"text-decoration: underline;\">Mention Art, architecture et design<\/span> : <em><strong>Cabanes<\/strong><\/em>, Aur\u00e9lien Debat aux Editions Les Grandes personnes<\/span><\/p>\n<p><span style=\"color: #000080;\"><span style=\"text-decoration: underline;\">Mention Books and seeds<\/span> : <em><strong>Le potager d&rsquo;Alena<\/strong><\/em> de Sophie Vissi\u00e8re chez H\u00e9lium<\/span><\/p>\n<p><a href=\"http:\/\/www.criljmp.fr\/wordpress\/wp-content\/uploads\/2018\/05\/loiseau-blanc.jpg\"><img loading=\"lazy\" decoding=\"async\" class=\"alignnone  wp-image-2324\" src=\"http:\/\/www.criljmp.fr\/wordpress\/wp-content\/uploads\/2018\/05\/loiseau-blanc-212x300.jpg\" alt=\"\" width=\"166\" height=\"235\" srcset=\"http:\/\/www.criljmp.fr\/wordpress\/wp-content\/uploads\/2018\/05\/loiseau-blanc-212x300.jpg 212w, http:\/\/www.criljmp.fr\/wordpress\/wp-content\/uploads\/2018\/05\/loiseau-blanc.jpg 370w\" sizes=\"auto, (max-width: 166px) 100vw, 166px\" \/>\u00a0\u00a0\u00a0\u00a0<\/a><a href=\"http:\/\/www.criljmp.fr\/wordpress\/wp-content\/uploads\/2018\/05\/LE-RUBAN.jpg\"><img loading=\"lazy\" decoding=\"async\" class=\"alignnone  wp-image-2325\" src=\"http:\/\/www.criljmp.fr\/wordpress\/wp-content\/uploads\/2018\/05\/LE-RUBAN-202x300.jpg\" alt=\"\" width=\"158\" height=\"234\" srcset=\"http:\/\/www.criljmp.fr\/wordpress\/wp-content\/uploads\/2018\/05\/LE-RUBAN-202x300.jpg 202w, http:\/\/www.criljmp.fr\/wordpress\/wp-content\/uploads\/2018\/05\/LE-RUBAN-768x1139.jpg 768w, http:\/\/www.criljmp.fr\/wordpress\/wp-content\/uploads\/2018\/05\/LE-RUBAN-691x1024.jpg 691w, http:\/\/www.criljmp.fr\/wordpress\/wp-content\/uploads\/2018\/05\/LE-RUBAN.jpg 1593w\" sizes=\"auto, (max-width: 158px) 100vw, 158px\" \/><\/a><a href=\"http:\/\/www.criljmp.fr\/wordpress\/wp-content\/uploads\/2018\/05\/loiseau-blanc.jpg\">\u00a0\u00a0\u00a0<\/a><a href=\"http:\/\/www.criljmp.fr\/wordpress\/wp-content\/uploads\/2018\/05\/Cabanes.jpg\"><img loading=\"lazy\" decoding=\"async\" class=\"alignnone  wp-image-2326\" src=\"http:\/\/www.criljmp.fr\/wordpress\/wp-content\/uploads\/2018\/05\/Cabanes-300x300.jpg\" alt=\"\" width=\"237\" height=\"237\" srcset=\"http:\/\/www.criljmp.fr\/wordpress\/wp-content\/uploads\/2018\/05\/Cabanes-300x300.jpg 300w, http:\/\/www.criljmp.fr\/wordpress\/wp-content\/uploads\/2018\/05\/Cabanes-150x150.jpg 150w, http:\/\/www.criljmp.fr\/wordpress\/wp-content\/uploads\/2018\/05\/Cabanes.jpg 340w\" sizes=\"auto, (max-width: 237px) 100vw, 237px\" \/><\/a><\/p>\n","protected":false},"excerpt":{"rendered":"<p>La 55\u00e8 Foire Internationale du Livre de jeunesse de Bologne s&rsquo;est tenue\u00a0 du 26 au 29 mars 2018 et a mis \u00e0 l&rsquo;honneur la Chine.\u00a0 R\u00e9serv\u00e9e aux professionnels, elle met l&rsquo;accent sur les diff\u00e9rents courants artistiques du moment, est le &hellip; <a href=\"http:\/\/www.criljmp.fr\/wordpress\/2018\/03\/30\/foire-internationale-de-bologne\/\">Continuer la lecture <span class=\"meta-nav\">&rarr;<\/span><\/a><\/p>\n","protected":false},"author":2,"featured_media":0,"comment_status":"closed","ping_status":"open","sticky":false,"template":"","format":"standard","meta":{"footnotes":""},"categories":[1],"tags":[364],"class_list":["post-2323","post","type-post","status-publish","format-standard","hentry","category-chut-on-lit-chut-on-lit","tag-prix-bologne-2018"],"_links":{"self":[{"href":"http:\/\/www.criljmp.fr\/wordpress\/wp-json\/wp\/v2\/posts\/2323","targetHints":{"allow":["GET"]}}],"collection":[{"href":"http:\/\/www.criljmp.fr\/wordpress\/wp-json\/wp\/v2\/posts"}],"about":[{"href":"http:\/\/www.criljmp.fr\/wordpress\/wp-json\/wp\/v2\/types\/post"}],"author":[{"embeddable":true,"href":"http:\/\/www.criljmp.fr\/wordpress\/wp-json\/wp\/v2\/users\/2"}],"replies":[{"embeddable":true,"href":"http:\/\/www.criljmp.fr\/wordpress\/wp-json\/wp\/v2\/comments?post=2323"}],"version-history":[{"count":1,"href":"http:\/\/www.criljmp.fr\/wordpress\/wp-json\/wp\/v2\/posts\/2323\/revisions"}],"predecessor-version":[{"id":2327,"href":"http:\/\/www.criljmp.fr\/wordpress\/wp-json\/wp\/v2\/posts\/2323\/revisions\/2327"}],"wp:attachment":[{"href":"http:\/\/www.criljmp.fr\/wordpress\/wp-json\/wp\/v2\/media?parent=2323"}],"wp:term":[{"taxonomy":"category","embeddable":true,"href":"http:\/\/www.criljmp.fr\/wordpress\/wp-json\/wp\/v2\/categories?post=2323"},{"taxonomy":"post_tag","embeddable":true,"href":"http:\/\/www.criljmp.fr\/wordpress\/wp-json\/wp\/v2\/tags?post=2323"}],"curies":[{"name":"wp","href":"https:\/\/api.w.org\/{rel}","templated":true}]}}