{"id":2229,"date":"2018-03-18T14:07:03","date_gmt":"2018-03-18T13:07:03","guid":{"rendered":"http:\/\/www.criljmp.fr\/wordpress\/?p=2229"},"modified":"2018-03-18T14:08:42","modified_gmt":"2018-03-18T13:08:42","slug":"de-retour-de-moulins-n6-carl-cneut","status":"publish","type":"post","link":"http:\/\/www.criljmp.fr\/wordpress\/2018\/03\/18\/de-retour-de-moulins-n6-carl-cneut\/","title":{"rendered":"DE RETOUR DE MOULINS N\u00b06 &#8211; CARL CNEUT"},"content":{"rendered":"<h3><a href=\"http:\/\/www.criljmp.fr\/wordpress\/wp-content\/uploads\/2018\/03\/EXPO-CARL-CNEUT-1.jpg\"><img loading=\"lazy\" decoding=\"async\" class=\" wp-image-2230 alignleft\" src=\"http:\/\/www.criljmp.fr\/wordpress\/wp-content\/uploads\/2018\/03\/EXPO-CARL-CNEUT-1-225x300.jpg\" alt=\"\" width=\"274\" height=\"366\" srcset=\"http:\/\/www.criljmp.fr\/wordpress\/wp-content\/uploads\/2018\/03\/EXPO-CARL-CNEUT-1-225x300.jpg 225w, http:\/\/www.criljmp.fr\/wordpress\/wp-content\/uploads\/2018\/03\/EXPO-CARL-CNEUT-1.jpg 545w\" sizes=\"auto, (max-width: 274px) 100vw, 274px\" \/><\/a><span style=\"color: #0c343d;\">Un dernier compte rendu en partage de notre passage \u00e0 la Biennale des Illustrateurs et pas le moindre !\u00a0<\/span><span style=\"color: #0c343d;\">Nous avons souhait\u00e9 en effet retranscrire int\u00e9gralement la rencontre avec\u00a0<\/span><b><span style=\"color: #134f5c;\">Carl CNEUT<\/span><\/b><span style=\"color: #0c343d;\">,\u00a0tant nous avons appr\u00e9ci\u00e9 sa modestie, son humour et sa disponibilit\u00e9. <\/span><span style=\"color: #0c343d;\">Et nous avons \u00e9t\u00e9 bluff\u00e9s par l&rsquo;exposition de ses originaux \u00e0 la\u00a0<\/span><b><span style=\"color: #134f5c;\">Maison de l&rsquo;Illustration Jeunesse<\/span><\/b><span style=\"color: #0c343d;\">\u00a0(M.I.J.) mais \u00e7a malheureusement nous ne pouvons pas le partager ! Pour vous consoler, reste plus qu&rsquo;\u00e0 vous jeter sur ses albums qui sont de petites merveilles !<\/span><\/h3>\n<h3><\/h3>\n<h3><\/h3>\n<h3><span style=\"color: #0c343d;\">Pour lire le CR de la rencontre :\u00a0<a href=\"http:\/\/www.criljmp.fr\/wordpress\/wp-content\/uploads\/2018\/03\/ENTRETIEN-AVEC-CARL-CNEUT-1.pdf\">ENTRETIEN AVEC CARL CNEUT-1<\/a><\/span><\/h3>\n<h3><span style=\"color: #0c343d;\">Pour consulter sa bibliographie s\u00e9lective :\u00a0<a href=\"http:\/\/www.criljmp.fr\/wordpress\/wp-content\/uploads\/2018\/03\/BIBLIOGRAPHIE-CARL-CNEUT.pdf\">BIBLIOGRAPHIE CARL CNEUT<\/a><\/span><\/h3>\n","protected":false},"excerpt":{"rendered":"<p>Un dernier compte rendu en partage de notre passage \u00e0 la Biennale des Illustrateurs et pas le moindre !\u00a0Nous avons souhait\u00e9 en effet retranscrire int\u00e9gralement la rencontre avec\u00a0Carl CNEUT,\u00a0tant nous avons appr\u00e9ci\u00e9 sa modestie, son humour et sa disponibilit\u00e9. Et &hellip; <a href=\"http:\/\/www.criljmp.fr\/wordpress\/2018\/03\/18\/de-retour-de-moulins-n6-carl-cneut\/\">Continuer la lecture <span class=\"meta-nav\">&rarr;<\/span><\/a><\/p>\n","protected":false},"author":2,"featured_media":0,"comment_status":"closed","ping_status":"open","sticky":false,"template":"","format":"standard","meta":{"footnotes":""},"categories":[6],"tags":[339,348],"class_list":["post-2229","post","type-post","status-publish","format-standard","hentry","category-rencontre-projets","tag-biennale-de-lillustration-moulins","tag-carl-cneut"],"_links":{"self":[{"href":"http:\/\/www.criljmp.fr\/wordpress\/wp-json\/wp\/v2\/posts\/2229","targetHints":{"allow":["GET"]}}],"collection":[{"href":"http:\/\/www.criljmp.fr\/wordpress\/wp-json\/wp\/v2\/posts"}],"about":[{"href":"http:\/\/www.criljmp.fr\/wordpress\/wp-json\/wp\/v2\/types\/post"}],"author":[{"embeddable":true,"href":"http:\/\/www.criljmp.fr\/wordpress\/wp-json\/wp\/v2\/users\/2"}],"replies":[{"embeddable":true,"href":"http:\/\/www.criljmp.fr\/wordpress\/wp-json\/wp\/v2\/comments?post=2229"}],"version-history":[{"count":3,"href":"http:\/\/www.criljmp.fr\/wordpress\/wp-json\/wp\/v2\/posts\/2229\/revisions"}],"predecessor-version":[{"id":2235,"href":"http:\/\/www.criljmp.fr\/wordpress\/wp-json\/wp\/v2\/posts\/2229\/revisions\/2235"}],"wp:attachment":[{"href":"http:\/\/www.criljmp.fr\/wordpress\/wp-json\/wp\/v2\/media?parent=2229"}],"wp:term":[{"taxonomy":"category","embeddable":true,"href":"http:\/\/www.criljmp.fr\/wordpress\/wp-json\/wp\/v2\/categories?post=2229"},{"taxonomy":"post_tag","embeddable":true,"href":"http:\/\/www.criljmp.fr\/wordpress\/wp-json\/wp\/v2\/tags?post=2229"}],"curies":[{"name":"wp","href":"https:\/\/api.w.org\/{rel}","templated":true}]}}