{"id":1784,"date":"2017-03-01T13:12:53","date_gmt":"2017-03-01T12:12:53","guid":{"rendered":"http:\/\/www.criljmp.fr\/wordpress\/?p=1784"},"modified":"2017-03-05T13:21:27","modified_gmt":"2017-03-05T12:21:27","slug":"rencontre-avec-thierry-dedieu-a-muret","status":"publish","type":"post","link":"http:\/\/www.criljmp.fr\/wordpress\/2017\/03\/01\/rencontre-avec-thierry-dedieu-a-muret\/","title":{"rendered":"RENCONTRE AVEC THIERRY DEDIEU A MURET"},"content":{"rendered":"<p><a href=\"http:\/\/www.criljmp.fr\/wordpress\/wp-content\/uploads\/2017\/03\/affiche-Dedieu-muret.jpg\"><img loading=\"lazy\" decoding=\"async\" class=\"alignnone size-medium wp-image-1785\" src=\"http:\/\/www.criljmp.fr\/wordpress\/wp-content\/uploads\/2017\/03\/affiche-Dedieu-muret-212x300.jpg\" alt=\"affiche Dedieu muret\" width=\"212\" height=\"300\" srcset=\"http:\/\/www.criljmp.fr\/wordpress\/wp-content\/uploads\/2017\/03\/affiche-Dedieu-muret-212x300.jpg 212w, http:\/\/www.criljmp.fr\/wordpress\/wp-content\/uploads\/2017\/03\/affiche-Dedieu-muret-724x1024.jpg 724w\" sizes=\"auto, (max-width: 212px) 100vw, 212px\" \/><\/a><\/p>\n<p>Dans le cadre du projet partenarial que nous menons cette ann\u00e9e avec les Centres d&rsquo;Animation et de Documentation P\u00e9dagogiques (CADP) et plusieurs m\u00e9diath\u00e8ques, autour de l&rsquo;oeuvre de Thierry DEDIEU, nous avons le plaisir de vous convier au vernissage de l&rsquo;exposition puis \u00e0 une rencontre avec l&rsquo;auteur-illustrateur le <strong>mardi 7 mars \u00e0 partir de 18h 00 \u00e0 la M\u00e9diath\u00e8que de Muret.<\/strong><\/p>\n<p>Questions \u00e0 Thierry DEDIEU, projections et lectures \u00e9mailleront cette soir\u00e9e, mod\u00e9r\u00e9e par Martine ABADIA et Ghislaine ROMAN.<\/p>\n<p>Nous vous attendons nombreux.<\/p>\n<p>&nbsp;<\/p>\n","protected":false},"excerpt":{"rendered":"<p>Dans le cadre du projet partenarial que nous menons cette ann\u00e9e avec les Centres d&rsquo;Animation et de Documentation P\u00e9dagogiques (CADP) et plusieurs m\u00e9diath\u00e8ques, autour de l&rsquo;oeuvre de Thierry DEDIEU, nous avons le plaisir de vous convier au vernissage de l&rsquo;exposition &hellip; <a href=\"http:\/\/www.criljmp.fr\/wordpress\/2017\/03\/01\/rencontre-avec-thierry-dedieu-a-muret\/\">Continuer la lecture <span class=\"meta-nav\">&rarr;<\/span><\/a><\/p>\n","protected":false},"author":2,"featured_media":0,"comment_status":"closed","ping_status":"open","sticky":false,"template":"","format":"standard","meta":{"footnotes":""},"categories":[6],"tags":[325,2],"class_list":["post-1784","post","type-post","status-publish","format-standard","hentry","category-rencontre-projets","tag-rencontres","tag-thierry-dedieu"],"_links":{"self":[{"href":"http:\/\/www.criljmp.fr\/wordpress\/wp-json\/wp\/v2\/posts\/1784","targetHints":{"allow":["GET"]}}],"collection":[{"href":"http:\/\/www.criljmp.fr\/wordpress\/wp-json\/wp\/v2\/posts"}],"about":[{"href":"http:\/\/www.criljmp.fr\/wordpress\/wp-json\/wp\/v2\/types\/post"}],"author":[{"embeddable":true,"href":"http:\/\/www.criljmp.fr\/wordpress\/wp-json\/wp\/v2\/users\/2"}],"replies":[{"embeddable":true,"href":"http:\/\/www.criljmp.fr\/wordpress\/wp-json\/wp\/v2\/comments?post=1784"}],"version-history":[{"count":1,"href":"http:\/\/www.criljmp.fr\/wordpress\/wp-json\/wp\/v2\/posts\/1784\/revisions"}],"predecessor-version":[{"id":1786,"href":"http:\/\/www.criljmp.fr\/wordpress\/wp-json\/wp\/v2\/posts\/1784\/revisions\/1786"}],"wp:attachment":[{"href":"http:\/\/www.criljmp.fr\/wordpress\/wp-json\/wp\/v2\/media?parent=1784"}],"wp:term":[{"taxonomy":"category","embeddable":true,"href":"http:\/\/www.criljmp.fr\/wordpress\/wp-json\/wp\/v2\/categories?post=1784"},{"taxonomy":"post_tag","embeddable":true,"href":"http:\/\/www.criljmp.fr\/wordpress\/wp-json\/wp\/v2\/tags?post=1784"}],"curies":[{"name":"wp","href":"https:\/\/api.w.org\/{rel}","templated":true}]}}