{"id":1528,"date":"2016-06-04T16:42:51","date_gmt":"2016-06-04T15:42:51","guid":{"rendered":"http:\/\/www.criljmp.fr\/wordpress\/?p=1528"},"modified":"2017-01-04T16:46:01","modified_gmt":"2017-01-04T15:46:01","slug":"regis-lejonc-et-henri-meunier-invites-du-crilj-mp","status":"publish","type":"post","link":"http:\/\/www.criljmp.fr\/wordpress\/2016\/06\/04\/regis-lejonc-et-henri-meunier-invites-du-crilj-mp\/","title":{"rendered":"REGIS LEJONC et HENRI MEUNIER, invit\u00e9s du CRILJ MP"},"content":{"rendered":"<p><span style=\"color: #000080;\"><a href=\"http:\/\/www.criljmp.fr\/wordpress\/wp-content\/uploads\/2016\/05\/rencontre-lejonc-meunier-affiche.jpg\"><img loading=\"lazy\" decoding=\"async\" class=\" size-medium wp-image-1640 alignleft\" src=\"http:\/\/www.criljmp.fr\/wordpress\/wp-content\/uploads\/2016\/05\/rencontre-lejonc-meunier-affiche-212x300.jpg\" alt=\"rencontre lejonc meunier affiche\" width=\"212\" height=\"300\" srcset=\"http:\/\/www.criljmp.fr\/wordpress\/wp-content\/uploads\/2016\/05\/rencontre-lejonc-meunier-affiche-212x300.jpg 212w, http:\/\/www.criljmp.fr\/wordpress\/wp-content\/uploads\/2016\/05\/rencontre-lejonc-meunier-affiche.jpg 639w\" sizes=\"auto, (max-width: 212px) 100vw, 212px\" \/><\/a>Dans le cadre du projet Partenarial men\u00e9 sur le d\u00e9partement avec les CADP et des m\u00e9diath\u00e8ques autour de la th\u00e9matique de \u00ab\u00a0L&rsquo;habiter\u00a0\u00bb, nous avons convi\u00e9<strong>\u00a0en janvier 2016<\/strong>\u00a0 deux auteurs\/illustrateurs de talent, R\u00e9gis LEJONC et Henri MEUNIER \u00e0 une rencontre qui s&rsquo;est d\u00e9roul\u00e9e \u00e0 la toute jeune m\u00e9diath\u00e8que d&rsquo;Auterive.<\/span><\/p>\n<p><span style=\"color: #000080;\">Nous vous invitons \u00e0 partager le compte-rendu de cette rencontre :\u00a0<a href=\"http:\/\/www.criljmp.fr\/wordpress\/wp-content\/uploads\/2016\/05\/Rencontre-Lejonc-MeunierAuterive-26-01-2016.pdf\">rencontre-lejonc-meunierauterive-26-01-2016<\/a><\/span><\/p>\n<p>&nbsp;<\/p>\n<p>&nbsp;<\/p>\n<p><span style=\"color: #000080;\">Pour pr\u00e9parer cette rencontre, le CRILJ MP a aussi constitu\u00e9 une malle de livres disponible au pr\u00eat, que vous pourrez d\u00e9couvrir ici :<\/span>\u00a0<a href=\"http:\/\/www.criljmp.fr\/wordpress\/wp-content\/uploads\/2016\/01\/MALLE-LEJONC-MEUNIER1.doc\">MALLE LEJONC-MEUNIER1<\/a><\/p>\n<p>&nbsp;<\/p>\n<p>&nbsp;<\/p>\n","protected":false},"excerpt":{"rendered":"<p>Dans le cadre du projet Partenarial men\u00e9 sur le d\u00e9partement avec les CADP et des m\u00e9diath\u00e8ques autour de la th\u00e9matique de \u00ab\u00a0L&rsquo;habiter\u00a0\u00bb, nous avons convi\u00e9\u00a0en janvier 2016\u00a0 deux auteurs\/illustrateurs de talent, R\u00e9gis LEJONC et Henri MEUNIER \u00e0 une rencontre qui &hellip; <a href=\"http:\/\/www.criljmp.fr\/wordpress\/2016\/06\/04\/regis-lejonc-et-henri-meunier-invites-du-crilj-mp\/\">Continuer la lecture <span class=\"meta-nav\">&rarr;<\/span><\/a><\/p>\n","protected":false},"author":2,"featured_media":0,"comment_status":"closed","ping_status":"open","sticky":false,"template":"","format":"standard","meta":{"footnotes":""},"categories":[6],"tags":[280],"class_list":["post-1528","post","type-post","status-publish","format-standard","hentry","category-rencontre-projets","tag-regis-lejonc-henri-meunier"],"_links":{"self":[{"href":"http:\/\/www.criljmp.fr\/wordpress\/wp-json\/wp\/v2\/posts\/1528","targetHints":{"allow":["GET"]}}],"collection":[{"href":"http:\/\/www.criljmp.fr\/wordpress\/wp-json\/wp\/v2\/posts"}],"about":[{"href":"http:\/\/www.criljmp.fr\/wordpress\/wp-json\/wp\/v2\/types\/post"}],"author":[{"embeddable":true,"href":"http:\/\/www.criljmp.fr\/wordpress\/wp-json\/wp\/v2\/users\/2"}],"replies":[{"embeddable":true,"href":"http:\/\/www.criljmp.fr\/wordpress\/wp-json\/wp\/v2\/comments?post=1528"}],"version-history":[{"count":2,"href":"http:\/\/www.criljmp.fr\/wordpress\/wp-json\/wp\/v2\/posts\/1528\/revisions"}],"predecessor-version":[{"id":1751,"href":"http:\/\/www.criljmp.fr\/wordpress\/wp-json\/wp\/v2\/posts\/1528\/revisions\/1751"}],"wp:attachment":[{"href":"http:\/\/www.criljmp.fr\/wordpress\/wp-json\/wp\/v2\/media?parent=1528"}],"wp:term":[{"taxonomy":"category","embeddable":true,"href":"http:\/\/www.criljmp.fr\/wordpress\/wp-json\/wp\/v2\/categories?post=1528"},{"taxonomy":"post_tag","embeddable":true,"href":"http:\/\/www.criljmp.fr\/wordpress\/wp-json\/wp\/v2\/tags?post=1528"}],"curies":[{"name":"wp","href":"https:\/\/api.w.org\/{rel}","templated":true}]}}