{"id":1419,"date":"2015-11-01T15:25:47","date_gmt":"2015-11-01T14:25:47","guid":{"rendered":"http:\/\/www.criljmp.fr\/wordpress\/?p=1419"},"modified":"2015-11-01T15:25:47","modified_gmt":"2015-11-01T14:25:47","slug":"lettre-dinfos-crilj-mp-n79-du-01-11-2015","status":"publish","type":"post","link":"http:\/\/www.criljmp.fr\/wordpress\/2015\/11\/01\/lettre-dinfos-crilj-mp-n79-du-01-11-2015\/","title":{"rendered":"LETTRE D&rsquo;INFOS CRILJ MP n\u00b079 du 01-11-2015"},"content":{"rendered":"<div>\n<div>Bonjour \u00e0 toutes et \u00e0 tous,<\/div>\n<div><span style=\"color: #000000;\">\u00a0<\/span><\/div>\n<div><span style=\"color: #000000;\">Un d\u00e9but de mois de novembre riche en\u00a0\u00e9v\u00e9nements\u00a0autour de la litt\u00e9rature jeunesse et de la BD.\u00a0<\/span>Certains vous ont d\u00e9j\u00e0 \u00e9t\u00e9 annonc\u00e9s, d&rsquo;ailleurs !<\/div>\n<div><\/div>\n<div>Par votre pr\u00e9sence \u00e0 ces manifestations, vous apportez un soutien actif aux associations et b\u00e9n\u00e9voles qui en sont le plus souvent \u00e0 l&rsquo;initiative, tout en passant un agr\u00e9able moment en compagnie d&rsquo;artistes et auteurs de talent.<\/div>\n<div><\/div>\n<div><\/div>\n<div><b><span style=\"color: #073763; font-size: large;\">1- INFORMATIONS, INITIATIVES et\u00a0EV\u00c9NEMENTS\u00a0LOCAUX<\/span><\/b><span style=\"font-size: large;\"><br \/>\n<\/span><\/div>\n<div><b><span style=\"color: #0b5394; font-size: large;\">\u00a0<\/span><\/b><\/div>\n<div><b><span style=\"color: #0b5394; font-size: large;\">RENCONTRE avec Anne BROUILLARD le vendredi 6 novembre \u00e0 NAILLOUX \u00e0 20h 30<\/span><\/b><\/div>\n<div><span style=\"color: #073763;\"><img loading=\"lazy\" decoding=\"async\" class=\"CToWUd a6T\" tabindex=\"0\" src=\"https:\/\/mail.google.com\/mail\/u\/0\/?ui=2&amp;ik=9829beafed&amp;view=fimg&amp;th=150c3452fc00a058&amp;attid=0.0.5&amp;disp=emb&amp;realattid=ii_ifqqidfv5_150662bb5f3784e7&amp;attbid=ANGjdJ9V7_SGequ2x68UlmMo3xJra4Kzo2bNXQt-ZJYUb-g-CsXZwr8uWgqC4lWLSAs4VW6VOS45llQOn6dl5FDGfsixTEnTgLATAYwaNGBiriryaGdLU5QhVkoExq0&amp;sz=w562-h796&amp;ats=1446385168692&amp;rm=150c3452fc00a058&amp;zw&amp;atsh=1\" alt=\"\" width=\"281\" height=\"398\" \/><\/span><\/div>\n<div><span style=\"color: #000000;\">Venez nombreux nous retrouver <\/span><b><span style=\"color: #0b5394;\">Vendredi 6 Novembre 2015<\/span><\/b><span style=\"color: #000000;\">\u00a0dans le nouvel espace culturel de\u00a0<\/span><span style=\"color: #073763;\">Nailloux<\/span><span style=\"color: #000000;\"><b>\u00a0<\/b>pour rencontrer <\/span><span style=\"color: #073763;\"><b>Anne BROUILLARD<\/b><\/span><span style=\"color: #000000;\"> auteure-illustratrice belge de nombreux albums<\/span><span style=\"color: #000000;\"><br \/>\n<\/span><\/div>\n<div><span style=\"color: #000000;\">avec et sans texte que le CRILJ MP a r\u00e9uni dans une malle propos\u00e9e au pr\u00eat :\u00a0<a href=\"http:\/\/www.criljmp.fr\/wordpress\/wp-content\/uploads\/2015\/11\/MALLE-ANNE-BROUILLARD.doc\">MALLE ANNE BROUILLARD<\/a><\/span><\/div>\n<div><span style=\"color: #000000;\">Parmi nos invit\u00e9s,\u00a0<\/span><b><span style=\"color: #0b5394;\">Nelly DELAUNAY,<\/span><\/b><span style=\"color: #000000;\">\u00a0doctorante, qui effectue actuellement une th\u00e8se sur l&rsquo;univers de cette auteure-illustratrice et a pr\u00e9par\u00e9 avec nous cette soir\u00e9e.<\/span><\/div>\n<div><span style=\"color: #000000;\">\u00a0<\/span><\/div>\n<div><span style=\"color: #073763;\"><b>Nous comptons VIVEMENT sur votre pr\u00e9sence.\u00a0<\/b><\/span><\/div>\n<div><span style=\"color: #073763;\"><b>\u00a0<\/b><\/span><\/div>\n<div><span style=\"color: #073763;\"><b>\u00a0<\/b><\/span><\/div>\n<div><span style=\"color: #000000;\">\u00a0<\/span><\/div>\n<div>\n<div><b><span style=\"color: #0b5394; font-size: large;\">SOIREE FETE ET PERFORMANCE avec Laurent CORVAISIER, le samedi 7 novembre \u00e0 partir de 19h00<\/span><\/b><\/div>\n<div><\/div>\n<div><span style=\"font-family: arial, helvetica, sans-serif;\"><img loading=\"lazy\" decoding=\"async\" class=\"CToWUd a6T\" tabindex=\"0\" src=\"https:\/\/mail.google.com\/mail\/u\/0\/?ui=2&amp;ik=9829beafed&amp;view=fimg&amp;th=150c3452fc00a058&amp;attid=0.0.4&amp;disp=emb&amp;realattid=ii_150c2c72c9fac800&amp;attbid=ANGjdJ_2qXBA80-IL0pQxlUKfxHfFVpcMNtLokkQyM_-hY6bXH-RxrJfwRMsAk84BNhkN3JihiWbm9IOwqhUJorH5cZhxmzQNv0mbbMbj9Zb7vVGArY1VAoy1szWbeM&amp;sz=w1124-h530&amp;ats=1446385168693&amp;rm=150c3452fc00a058&amp;zw&amp;atsh=1\" alt=\"Images int\u00e9gr\u00e9es 1\" width=\"562\" height=\"265\" \/><\/p>\n<p><\/span><\/div>\n<\/div>\n<div>\u00a0Et si vous disposez de \u00a0temps dans l&rsquo;apr\u00e8s-midi,\u00a0<span style=\"color: #000000;\">de 14h 30 \u00e0 16h 30<\/span>,\u00a0<span style=\"color: #073763;\">\u00e0 la\u00a0<\/span><b><span style=\"color: #0b5394;\">Biblioth\u00e8que C\u00f4te Pav\u00e9e<\/span><\/b><span style=\"color: #073763;\">,<\/span>\u00a0<span style=\"color: #000000;\">RENCONTRE avec Laurent CORVAISIER<\/span><\/div>\n<div><span style=\"color: #000000;\">\u00a0 \u00a0<\/span><\/div>\n<div><span style=\"color: #003366; font-size: large;\"><b>FESTIVAL BD de COLOMIERS 13, 14 et 15 NOVEMBRE<\/b><\/span><\/div>\n<div><\/div>\n<div><img loading=\"lazy\" decoding=\"async\" class=\"CToWUd\" src=\"https:\/\/mail.google.com\/mail\/u\/0\/?ui=2&amp;ik=9829beafed&amp;view=fimg&amp;th=150c3452fc00a058&amp;attid=0.0.3&amp;disp=emb&amp;realattid=ii_150c32a61d404f09&amp;attbid=ANGjdJ_H9MrJAJkHSTbg9usayka6Ayt39ia28gdRmd1_s-lLqvExWo7bKRO7apEX97_bqU2c08P73KMGZYZVMr8jxT1TbnVLxJGBW__GPNEiSN7rlbkjn2ryY_1-7jE&amp;sz=w416-h624&amp;ats=1446385168694&amp;rm=150c3452fc00a058&amp;zw&amp;atsh=1\" alt=\"Images int\u00e9gr\u00e9es 3\" width=\"208\" height=\"312\" \/><\/div>\n<div><\/div>\n<div>Parmi le riche programme, nous avons retenu,\u00a0<b><span style=\"color: #0b5394;\">du 13 au 15 novembre<\/span><\/b>, <span style=\"color: #073763;\"><b>au Hall Comminges<\/b><\/span>\u00a0:<\/div>\n<div>&#8211; une\u00a0<b><span style=\"color: #073763;\">exposition<\/span><\/b> propos\u00e9e par les Fourmis Rouges autour de l&rsquo;oeuvre de <b><span style=\"color: #0b5394;\">Delphine PERRET<\/span>\u00a0au Hall Comminges<\/b><\/div>\n<div>&#8211; une <b><span style=\"color: #0b5394;\">exposition <\/span><\/b>\u00ab\u00a0La m\u00e9galopole\u00a0\u00bb de<b> Cl\u00e9a Dieudonn\u00e9, <\/b><span style=\"color: #000000;\">livre objet et livre jeux qui se d\u00e9plie sur 3m de long, exposition produite par le Mus\u00e9e de Poche \u00e0 Paris<\/span><\/div>\n<div><b><span style=\"color: #0b5394;\">\u00a0<\/span><\/b><\/div>\n<div><b><span style=\"color: #073763;\">Vendredi 13 novembre de 18h \u00e0 19h30<\/span><\/b><span style=\"color: #000000;\">, une <\/span><b><span style=\"color: #0b5394;\">rencontre d\u00e9dicace<\/span><\/b><span style=\"color: #000000;\"> avec <\/span><span style=\"color: #0b5394;\"><b>Val\u00e9rie CUSSAGUET <\/b><\/span><span style=\"color: #000000;\">(Fourmis Rouges) et <\/span><span style=\"color: #073763;\"><b>Delphine PERRET<\/b><\/span><span style=\"color: #000000;\"> \u00e0 la Librairie<\/span><span style=\"color: #0b5394;\"><b> FLOURY<\/b><\/span><span style=\"color: #000000;\"> avenue de la Colombette \u00e0 Toulouse<\/span><\/div>\n<div><span style=\"color: #000000;\">\u00a0<\/span><\/div>\n<div><b>A partir du 12 novembre 2015 jusqu&rsquo;au 20 f\u00e9vrier 2016,\u00a0<\/b><span style=\"color: #000000;\">vous pourrez, \u00e0 Odyssud de Blagnac, visiter en outre l&rsquo;exposition\u00a0<\/span><b><span style=\"color: #0b5394;\">\u00ab\u00a0Mafalda, une petite fille de 50 ans\u00a0\u00bb<\/span><\/b><span style=\"color: #000000;\"><br \/>\n<\/span><\/div>\n<div><span style=\"color: #000000;\">\u00a0<\/span><\/div>\n<div><b><i><span style=\"color: #073763;\">Pour conna\u00eetre l&rsquo;int\u00e9gralit\u00e9 du programme,<\/span><\/i><\/b><span style=\"color: #000000;\">\u00a0<a href=\"http:\/\/www.criljmp.fr\/wordpress\/wp-content\/uploads\/2015\/11\/Prog2015-festival-de-Colomiers.pdf\">Prog2015-festival de Colomiers<\/a><\/span><\/div>\n<div><\/div>\n<div><b><span style=\"color: #073763; font-size: large;\">2- PROCHAINEMENT CHEZ NOS VOISINS<\/span><\/b>\u00a0<b><span style=\"color: #073763; font-size: large;\"><br \/>\n<\/span><\/b><\/div>\n<\/div>\n<div><\/div>\n<div><img loading=\"lazy\" decoding=\"async\" class=\"CToWUd a6T\" tabindex=\"0\" src=\"https:\/\/mail.google.com\/mail\/u\/0\/?ui=2&amp;ik=9829beafed&amp;view=fimg&amp;th=150c3452fc00a058&amp;attid=0.0.1&amp;disp=emb&amp;realattid=ii_150c2d00b52259a9&amp;attbid=ANGjdJ-GHjquYGLoXDrdUdr_RPIhWlBpAXDpd4EILa_9R38Jle4N7pl2LW1CjuAQCPaUOImsDFvmPif7xaBzm4ioRDDkMCeJ9r-ylKTPR4kyjT2PYrQb4JSOBKEXPPo&amp;sz=w408-h578&amp;ats=1446385168695&amp;rm=150c3452fc00a058&amp;zw&amp;atsh=1\" alt=\"Images int\u00e9gr\u00e9es 2\" width=\"204\" height=\"289\" \/><\/div>\n<div>Cette 25\u00e8 \u00e9dition mettra \u00e0 l&rsquo;honneur Agnes DESARTHE.<\/div>\n<div>Agn\u00e8s Desarthe a choisi \u00abla musique des mots \u00bb comme th\u00e8me transversal pour l\u2019ensemble du programme, th\u00e8me qui sera donc abord\u00e9 lors des diverses rencontres mais aussi des lectures et spectacles qui en souligneront l\u2019harmonie. Certains parmi les auteurs invit\u00e9s \u00e0 cet anniversaire ont accept\u00e9 \u00e0 leur tour d\u2019intervenir sur cette m\u00eame th\u00e9matique et la programmation destin\u00e9e au jeune public s\u2019est \u00e9galement construite autour de \u00ab la musique des mots\u00bb. L\u2019ensemble promet donc une belle coh\u00e9rence<\/div>\n<div><\/div>\n<div><span style=\"color: #0b5394;\"><b>Deux temps forts autour de la litt\u00e9rature de jeunesse :<\/b><\/span><\/div>\n<div><\/div>\n<div><span style=\"color: #073763;\"><b>SAMEDI \u00a021 NOVEMBRE de 10h \u00e0 13h \u00e0 l&rsquo;Ancien coll\u00e8ge\u00a0<\/b><\/span><\/div>\n<div><span style=\"color: #0b5394;\"><b>Matin\u00e9e<\/b><\/span> propos\u00e9e conjointement par la Librairie Le bateau livre et la MEMO : \u00a0atelier d&rsquo;illustration avec Elodie Nouhen, rencontres-lectures et d\u00e9dicaces avec plusieurs des auteurs-illustrateurs jeunesse invit\u00e9s sur le festival et pr\u00e9sentation des cr\u00e9ations r\u00e9alis\u00e9es par les \u00e9l\u00e8ves de Montauban et du d\u00e9partement<\/div>\n<div><\/div>\n<div><b><span style=\"color: #0b5394;\">LUNDI \u00a023 NOVEMBRE de 8h 30 \u00e0 16h 30 \u00e0 l&rsquo;auditorium de l&rsquo;ESPE de Tarn et Garonne<\/span><\/b><\/div>\n<div><span style=\"color: #0c343d;\"><b>Journ\u00e9e Professionnelle<\/b><\/span> avec Jeanne Ashb\u00e9, Nathalie Brisac et Agn\u00e8s Desarthe<\/div>\n<div>\n<div><span style=\"color: #000000; font-family: arial, helvetica, sans-serif;\">Au programme :<\/span><\/div>\n<div><span style=\"color: #000000; font-family: arial, helvetica, sans-serif;\">\u2022 50 ans de litt\u00e9rature jeunesse \u00e0 l\u2019\u00e9cole, rencontre avec Nathalie Brisac<\/span><\/div>\n<div><span style=\"color: #000000; font-family: arial, helvetica, sans-serif;\">\u2022\u00a0Comment j\u2019ai appris \u00e0 lire, rencontre avec Agn\u00e8s Desarthe<\/span><\/div>\n<div><span style=\"color: #000000; font-family: arial, helvetica, sans-serif;\">\u2022\u00a0La lecture avec les tout-petits, rencontre avec Jeanne Ashb\u00e9<\/span><\/div>\n<div><span style=\"color: #000000; font-family: arial, helvetica, sans-serif;\">\u2022\u00a0Visite de l\u2019exposition \u00ab\u00a0L\u2019\u00e9cole des loisirs, nos h\u00e9ros pr\u00e9f\u00e9r\u00e9s\u00a0\u00bb<\/span><\/div>\n<div><span style=\"color: #000000; font-family: arial, helvetica, sans-serif;\">\u2022 D\u00e9dicaces sur le stand de la librairie Le Bateau Livre<\/span><\/div>\n<\/div>\n<div>Journ\u00e9e gratuite mais inscription obligatoire et places limit\u00e9es<\/div>\n<div><\/div>\n<div><b><i><span style=\"color: #0b5394;\">Pour conna\u00eetre l&rsquo;int\u00e9gralit\u00e9 du programme du Festival<\/span><\/i><\/b>,\u00a0<a href=\"http:\/\/www.criljmp.fr\/wordpress\/wp-content\/uploads\/2015\/11\/programme-Lettres-dAutomne-2015.pdf\">programme Lettres d&rsquo;Automne 2015<\/a><\/div>\n<div><\/div>\n<div><\/div>\n<div><span style=\"color: #0b5394;\"><b><i>Pour vous inscrire \u00e0 la journ\u00e9e professionnelle :<\/i><\/b><\/span>\u00a005 63 63 57 62 ou\u00a0\u00a0<span style=\"color: #0b5394;\"><b><i><a href=\"mailto:contact@confluences.org\" target=\"_blank\">contact@confluences.org<\/a><\/i><\/b><\/span><\/div>\n<div><span style=\"color: #0b5394;\"><b><i>\u00a0<\/i><\/b><\/span><\/div>\n<div><span style=\"color: #0b5394;\"><b><i>\u00a0<\/i><\/b><\/span><\/div>\n<div><span style=\"color: #0b5394;\"><b><i>\u00a0<\/i><\/b><\/span><\/div>\n<div><span style=\"color: #0b5394;\"><b><i>\u00a0<\/i><\/b><\/span><\/div>\n<div><span style=\"color: #000000;\">Belles lectures et au plaisir de vous rencontrer \u00e0 l&rsquo;un de ces RDV !<\/span><\/div>\n<div><span style=\"color: #000000;\">\u00a0<\/span><\/div>\n<div><span style=\"color: #000000;\">Martine ABADIA<\/span><\/div>\n<div><span style=\"color: #000000;\">CRILJ MP<\/span><\/div>\n<div><span style=\"color: #000000;\">0670325815<\/span><\/div>\n<div><span style=\"color: #000000;\"><span style=\"font-family: Helvetica;\"><a href=\"http:\/\/www.criljmp.fr\/wordpress\/\" target=\"_blank\">http:\/\/www.criljmp.fr\/<wbr \/>wordpress\/<\/a><\/span><\/span><\/div>\n","protected":false},"excerpt":{"rendered":"<p>Bonjour \u00e0 toutes et \u00e0 tous, \u00a0 Un d\u00e9but de mois de novembre riche en\u00a0\u00e9v\u00e9nements\u00a0autour de la litt\u00e9rature jeunesse et de la BD.\u00a0Certains vous ont d\u00e9j\u00e0 \u00e9t\u00e9 annonc\u00e9s, d&rsquo;ailleurs ! Par votre pr\u00e9sence \u00e0 ces manifestations, vous apportez un soutien &hellip; <a href=\"http:\/\/www.criljmp.fr\/wordpress\/2015\/11\/01\/lettre-dinfos-crilj-mp-n79-du-01-11-2015\/\">Continuer la lecture <span class=\"meta-nav\">&rarr;<\/span><\/a><\/p>\n","protected":false},"author":2,"featured_media":0,"comment_status":"closed","ping_status":"open","sticky":false,"template":"","format":"standard","meta":{"footnotes":""},"categories":[251],"tags":[262],"class_list":["post-1419","post","type-post","status-publish","format-standard","hentry","category-accueil","tag-lettre-dinfos"],"_links":{"self":[{"href":"http:\/\/www.criljmp.fr\/wordpress\/wp-json\/wp\/v2\/posts\/1419","targetHints":{"allow":["GET"]}}],"collection":[{"href":"http:\/\/www.criljmp.fr\/wordpress\/wp-json\/wp\/v2\/posts"}],"about":[{"href":"http:\/\/www.criljmp.fr\/wordpress\/wp-json\/wp\/v2\/types\/post"}],"author":[{"embeddable":true,"href":"http:\/\/www.criljmp.fr\/wordpress\/wp-json\/wp\/v2\/users\/2"}],"replies":[{"embeddable":true,"href":"http:\/\/www.criljmp.fr\/wordpress\/wp-json\/wp\/v2\/comments?post=1419"}],"version-history":[{"count":1,"href":"http:\/\/www.criljmp.fr\/wordpress\/wp-json\/wp\/v2\/posts\/1419\/revisions"}],"predecessor-version":[{"id":1423,"href":"http:\/\/www.criljmp.fr\/wordpress\/wp-json\/wp\/v2\/posts\/1419\/revisions\/1423"}],"wp:attachment":[{"href":"http:\/\/www.criljmp.fr\/wordpress\/wp-json\/wp\/v2\/media?parent=1419"}],"wp:term":[{"taxonomy":"category","embeddable":true,"href":"http:\/\/www.criljmp.fr\/wordpress\/wp-json\/wp\/v2\/categories?post=1419"},{"taxonomy":"post_tag","embeddable":true,"href":"http:\/\/www.criljmp.fr\/wordpress\/wp-json\/wp\/v2\/tags?post=1419"}],"curies":[{"name":"wp","href":"https:\/\/api.w.org\/{rel}","templated":true}]}}