{"id":1012,"date":"2014-11-23T15:19:42","date_gmt":"2014-11-23T14:19:42","guid":{"rendered":"http:\/\/www.criljmp.fr\/wordpress\/?p=1012"},"modified":"2015-04-04T16:39:35","modified_gmt":"2015-04-04T15:39:35","slug":"ladiou-du-petit-qui-lit","status":"publish","type":"post","link":"http:\/\/www.criljmp.fr\/wordpress\/2014\/11\/23\/ladiou-du-petit-qui-lit\/","title":{"rendered":"L&rsquo;ADIOU du PETIT QUI LIT"},"content":{"rendered":"<p style=\"font-family: Arial, Helvetica, sans-serif; font-size: 16px; color: #000066; text-align: center;\">Plut\u00f4t qu&rsquo;une larme au coin de l&rsquo;oeil,<\/p>\n<p style=\"font-family: Arial, Helvetica, sans-serif; font-size: 16px; color: #000066; text-align: center;\">Plut\u00f4t qu&rsquo;une constat acerbe sur les difficult\u00e9s rencontr\u00e9es par le monde associatif<\/p>\n<p style=\"font-family: Arial, Helvetica, sans-serif; font-size: 16px; color: #000066; text-align: center;\">Plut\u00f4t que &#8230;<\/p>\n<p style=\"font-family: Arial, Helvetica, sans-serif; font-size: 16px; color: #000066; text-align: center;\">venez passer un moment en chansons, musiques, contes ou autres friandises<\/p>\n<p style=\"font-family: Arial, Helvetica, sans-serif; font-size: 16px; color: #000066; text-align: center;\">\u00a0pour dire <strong>ADIOU au Petit Qui lit <\/strong><\/p>\n<p style=\"font-family: Arial, Helvetica, sans-serif; font-size: 16px; color: #000066; text-align: center;\">ce <strong>Samedi 29 NOVEMBRE de 10h \u00e0 18h\u00a0<\/strong><\/p>\n<p style=\"font-family: Arial, Helvetica, sans-serif; font-size: 16px; color: #000066; text-align: center;\">\u00e0 la <strong>Salle Cl\u00e9ment ADER \u00e0 Muret<\/strong><\/p>\n<p style=\"font-family: Arial, Helvetica, sans-serif; font-size: 16px; color: #000066; text-align: center;\"><strong><a href=\"http:\/\/www.criljmp.fr\/wordpress\/wp-content\/uploads\/2014\/11\/tract-FIN.pdf\">tract FIN<\/a>\u00a0<\/strong><\/p>\n<p style=\"font-family: Arial, Helvetica, sans-serif; font-size: 16px; color: #000066; text-align: center;\">Le CRILJ MP est heureux d&rsquo;avoir parcouru un bout de chemin avec le Petit Qui Lit<\/p>\n<p style=\"font-family: Arial, Helvetica, sans-serif; font-size: 16px; color: #000066; text-align: center;\">et continuera de promouvoir la litt\u00e9rature de jeunesse en direction des tout-petits p<\/p>\n<p style=\"font-family: Arial, Helvetica, sans-serif; font-size: 16px; color: #000066; text-align: center;\">par des RDV r\u00e9guliers de friandises litt\u00e9raires et des actions de formation.<\/p>\n<p style=\"font-family: Arial, Helvetica, sans-serif; font-size: 16px; color: #000066; text-align: center;\">Merci Nathalie !<\/p>\n<p style=\"font-family: Arial, Helvetica, sans-serif; font-size: 16px; color: #000066;\"><img loading=\"lazy\" decoding=\"async\" class=\"size-medium wp-image-1014 aligncenter\" style=\"font-size: 12px; line-height: 18px;\" alt=\"adiou PQL\" src=\"http:\/\/www.criljmp.fr\/wordpress\/wp-content\/uploads\/2014\/11\/adiou-PQL-276x300.jpg\" width=\"276\" height=\"300\" srcset=\"http:\/\/www.criljmp.fr\/wordpress\/wp-content\/uploads\/2014\/11\/adiou-PQL-276x300.jpg 276w, http:\/\/www.criljmp.fr\/wordpress\/wp-content\/uploads\/2014\/11\/adiou-PQL.jpg 743w\" sizes=\"auto, (max-width: 276px) 100vw, 276px\" \/><span style=\"color: #000066; font-family: Arial, Helvetica, sans-serif;\">\u00a0<\/span><\/p>\n<p>&nbsp;<\/p>\n","protected":false},"excerpt":{"rendered":"<p>Plut\u00f4t qu&rsquo;une larme au coin de l&rsquo;oeil, Plut\u00f4t qu&rsquo;une constat acerbe sur les difficult\u00e9s rencontr\u00e9es par le monde associatif Plut\u00f4t que &#8230; venez passer un moment en chansons, musiques, contes ou autres friandises \u00a0pour dire ADIOU au Petit Qui lit &hellip; <a href=\"http:\/\/www.criljmp.fr\/wordpress\/2014\/11\/23\/ladiou-du-petit-qui-lit\/\">Continuer la lecture <span class=\"meta-nav\">&rarr;<\/span><\/a><\/p>\n","protected":false},"author":2,"featured_media":0,"comment_status":"closed","ping_status":"open","sticky":false,"template":"","format":"standard","meta":{"footnotes":""},"categories":[1],"tags":[195],"class_list":["post-1012","post","type-post","status-publish","format-standard","hentry","category-chut-on-lit-chut-on-lit","tag-petit-qui-lit"],"_links":{"self":[{"href":"http:\/\/www.criljmp.fr\/wordpress\/wp-json\/wp\/v2\/posts\/1012","targetHints":{"allow":["GET"]}}],"collection":[{"href":"http:\/\/www.criljmp.fr\/wordpress\/wp-json\/wp\/v2\/posts"}],"about":[{"href":"http:\/\/www.criljmp.fr\/wordpress\/wp-json\/wp\/v2\/types\/post"}],"author":[{"embeddable":true,"href":"http:\/\/www.criljmp.fr\/wordpress\/wp-json\/wp\/v2\/users\/2"}],"replies":[{"embeddable":true,"href":"http:\/\/www.criljmp.fr\/wordpress\/wp-json\/wp\/v2\/comments?post=1012"}],"version-history":[{"count":2,"href":"http:\/\/www.criljmp.fr\/wordpress\/wp-json\/wp\/v2\/posts\/1012\/revisions"}],"predecessor-version":[{"id":1016,"href":"http:\/\/www.criljmp.fr\/wordpress\/wp-json\/wp\/v2\/posts\/1012\/revisions\/1016"}],"wp:attachment":[{"href":"http:\/\/www.criljmp.fr\/wordpress\/wp-json\/wp\/v2\/media?parent=1012"}],"wp:term":[{"taxonomy":"category","embeddable":true,"href":"http:\/\/www.criljmp.fr\/wordpress\/wp-json\/wp\/v2\/categories?post=1012"},{"taxonomy":"post_tag","embeddable":true,"href":"http:\/\/www.criljmp.fr\/wordpress\/wp-json\/wp\/v2\/tags?post=1012"}],"curies":[{"name":"wp","href":"https:\/\/api.w.org\/{rel}","templated":true}]}}